{"id":1009,"date":"2019-03-25T14:41:28","date_gmt":"2019-03-25T13:41:28","guid":{"rendered":"http:\/\/prist-esanpdc.fr\/?p=1009"},"modified":"2019-06-11T13:42:50","modified_gmt":"2019-06-11T11:42:50","slug":"air-fictions-lexposition","status":"publish","type":"post","link":"https:\/\/prist-esanpdc.fr\/?p=1009","title":{"rendered":"Expositions AIR fictions"},"content":{"rendered":"\n<p>Exposition \u00e0 Lilliad &#8211; Learning center Innovation &#8211; Universit\u00e9 de Lille<\/p>\n\n\n\n<p>9 mai 2019<\/p>\n\n\n\n<figure class=\"wp-block-image\"><img loading=\"lazy\" decoding=\"async\" width=\"2024\" height=\"1139\" src=\"http:\/\/prist-esanpdc.fr\/wp-content\/uploads\/2019\/06\/Catalogue-Air-Fictions-2-2024x1139.jpg\" alt=\"\" class=\"wp-image-1138\" srcset=\"https:\/\/prist-esanpdc.fr\/wp-content\/uploads\/2019\/06\/Catalogue-Air-Fictions-2-2024x1139.jpg 2024w, https:\/\/prist-esanpdc.fr\/wp-content\/uploads\/2019\/06\/Catalogue-Air-Fictions-2-600x338.jpg 600w, https:\/\/prist-esanpdc.fr\/wp-content\/uploads\/2019\/06\/Catalogue-Air-Fictions-2-768x432.jpg 768w\" sizes=\"auto, (max-width: 706px) 89vw, (max-width: 767px) 82vw, 740px\" \/><figcaption>Catalogues Airs Fictions pr\u00e9sent\u00e9s \u00e0 Lilliad<br><br><a rel=\"noreferrer noopener\" href=\"http:\/\/prist-esanpdc.fr\/wp-content\/uploads\/2019\/04\/Catalogue_AIR-FICTIONS-Web.pdf\" target=\"_blank\">T\u00e9l\u00e9chargement du catalogue<\/a><\/figcaption><\/figure>\n\n\n\n<ul class=\"wp-block-gallery columns-1 is-cropped wp-block-gallery-1 is-layout-flex wp-block-gallery-is-layout-flex\"><li class=\"blocks-gallery-item\"><figure><img loading=\"lazy\" decoding=\"async\" width=\"2024\" height=\"1139\" src=\"http:\/\/prist-esanpdc.fr\/wp-content\/uploads\/2019\/06\/Vue-de-lexpo-1-2024x1139.jpg\" alt=\"\" data-id=\"1131\" data-link=\"http:\/\/prist-esanpdc.fr\/?attachment_id=1131\" class=\"wp-image-1131\" srcset=\"https:\/\/prist-esanpdc.fr\/wp-content\/uploads\/2019\/06\/Vue-de-lexpo-1-2024x1139.jpg 2024w, https:\/\/prist-esanpdc.fr\/wp-content\/uploads\/2019\/06\/Vue-de-lexpo-1-600x338.jpg 600w, https:\/\/prist-esanpdc.fr\/wp-content\/uploads\/2019\/06\/Vue-de-lexpo-1-768x432.jpg 768w\" sizes=\"auto, (max-width: 706px) 89vw, (max-width: 767px) 82vw, 740px\" \/><figcaption>Vue de l&rsquo;entr\u00e9e de l&rsquo;exposition<\/figcaption><\/figure><\/li><\/ul>\n\n\n\n<figure class=\"wp-block-embed-youtube wp-block-embed is-type-video is-provider-youtube wp-embed-aspect-4-3 wp-has-aspect-ratio\"><div class=\"wp-block-embed__wrapper\">\n<iframe loading=\"lazy\" title=\"PRIST esa Tourcoing\" width=\"525\" height=\"394\" src=\"https:\/\/www.youtube.com\/embed\/_-8yiDbU4r4?feature=oembed\" frameborder=\"0\" allow=\"accelerometer; autoplay; clipboard-write; encrypted-media; gyroscope; picture-in-picture; web-share\" referrerpolicy=\"strict-origin-when-cross-origin\" allowfullscreen><\/iframe>\n<\/div><figcaption>Teaser de l&rsquo;exposition<br><br><br><\/figcaption><\/figure>\n\n\n\n<p>Du 28 f\u00e9vrier au 15 mars &#8211; Galerie Commune &#8211; 36, bis rue des Ursulines &#8211; Tourcoing<\/p>\n\n\n\n<figure class=\"wp-block-image\"><img loading=\"lazy\" decoding=\"async\" width=\"1169\" height=\"1713\" src=\"http:\/\/prist-esanpdc.fr\/wp-content\/uploads\/2019\/03\/affiche-exposition-Air-fictions-4-jpeg-copie-2-1.jpg\" alt=\"\" class=\"wp-image-1017\" srcset=\"https:\/\/prist-esanpdc.fr\/wp-content\/uploads\/2019\/03\/affiche-exposition-Air-fictions-4-jpeg-copie-2-1.jpg 1169w, https:\/\/prist-esanpdc.fr\/wp-content\/uploads\/2019\/03\/affiche-exposition-Air-fictions-4-jpeg-copie-2-1-409x600.jpg 409w, https:\/\/prist-esanpdc.fr\/wp-content\/uploads\/2019\/03\/affiche-exposition-Air-fictions-4-jpeg-copie-2-1-768x1125.jpg 768w\" sizes=\"auto, (max-width: 706px) 89vw, (max-width: 767px) 82vw, 740px\" \/><\/figure>\n\n\n\n<figure class=\"wp-block-image\"><img loading=\"lazy\" decoding=\"async\" width=\"906\" height=\"1276\" src=\"http:\/\/prist-esanpdc.fr\/wp-content\/uploads\/2019\/03\/Capture-d\u2019e\u0301cran-2019-03-25-a\u0300-14.54.47.png\" alt=\"\" class=\"wp-image-1019\" srcset=\"https:\/\/prist-esanpdc.fr\/wp-content\/uploads\/2019\/03\/Capture-d\u2019e\u0301cran-2019-03-25-a\u0300-14.54.47.png 906w, https:\/\/prist-esanpdc.fr\/wp-content\/uploads\/2019\/03\/Capture-d\u2019e\u0301cran-2019-03-25-a\u0300-14.54.47-426x600.png 426w, https:\/\/prist-esanpdc.fr\/wp-content\/uploads\/2019\/03\/Capture-d\u2019e\u0301cran-2019-03-25-a\u0300-14.54.47-768x1082.png 768w\" sizes=\"auto, (max-width: 706px) 89vw, (max-width: 767px) 82vw, 740px\" \/><\/figure>\n\n\n\n<figure class=\"wp-block-image\"><img loading=\"lazy\" decoding=\"async\" width=\"904\" height=\"1280\" src=\"http:\/\/prist-esanpdc.fr\/wp-content\/uploads\/2019\/03\/Capture-d\u2019e\u0301cran-2019-03-25-a\u0300-14.54.59.png\" alt=\"\" class=\"wp-image-1020\" srcset=\"https:\/\/prist-esanpdc.fr\/wp-content\/uploads\/2019\/03\/Capture-d\u2019e\u0301cran-2019-03-25-a\u0300-14.54.59.png 904w, https:\/\/prist-esanpdc.fr\/wp-content\/uploads\/2019\/03\/Capture-d\u2019e\u0301cran-2019-03-25-a\u0300-14.54.59-424x600.png 424w, https:\/\/prist-esanpdc.fr\/wp-content\/uploads\/2019\/03\/Capture-d\u2019e\u0301cran-2019-03-25-a\u0300-14.54.59-768x1087.png 768w\" sizes=\"auto, (max-width: 706px) 89vw, (max-width: 767px) 82vw, 740px\" \/><\/figure>\n\n\n<p>[supsystic-slider id=3 position=\u00a0\u00bbcenter\u00a0\u00bb]<\/p>\n","protected":false},"excerpt":{"rendered":"<p>Exposition \u00e0 Lilliad &#8211; Learning center Innovation &#8211; Universit\u00e9 de Lille 9 mai 2019 Du 28 f\u00e9vrier au 15 mars &#8211; Galerie Commune &#8211; 36, bis rue des Ursulines &#8211; Tourcoing<\/p>\n","protected":false},"author":3,"featured_media":0,"comment_status":"closed","ping_status":"open","sticky":false,"template":"","format":"standard","meta":{"footnotes":""},"categories":[1],"tags":[],"class_list":["post-1009","post","type-post","status-publish","format-standard","hentry","category-non-classe"],"_links":{"self":[{"href":"https:\/\/prist-esanpdc.fr\/index.php?rest_route=\/wp\/v2\/posts\/1009","targetHints":{"allow":["GET"]}}],"collection":[{"href":"https:\/\/prist-esanpdc.fr\/index.php?rest_route=\/wp\/v2\/posts"}],"about":[{"href":"https:\/\/prist-esanpdc.fr\/index.php?rest_route=\/wp\/v2\/types\/post"}],"author":[{"embeddable":true,"href":"https:\/\/prist-esanpdc.fr\/index.php?rest_route=\/wp\/v2\/users\/3"}],"replies":[{"embeddable":true,"href":"https:\/\/prist-esanpdc.fr\/index.php?rest_route=%2Fwp%2Fv2%2Fcomments&post=1009"}],"version-history":[{"count":27,"href":"https:\/\/prist-esanpdc.fr\/index.php?rest_route=\/wp\/v2\/posts\/1009\/revisions"}],"predecessor-version":[{"id":1151,"href":"https:\/\/prist-esanpdc.fr\/index.php?rest_route=\/wp\/v2\/posts\/1009\/revisions\/1151"}],"wp:attachment":[{"href":"https:\/\/prist-esanpdc.fr\/index.php?rest_route=%2Fwp%2Fv2%2Fmedia&parent=1009"}],"wp:term":[{"taxonomy":"category","embeddable":true,"href":"https:\/\/prist-esanpdc.fr\/index.php?rest_route=%2Fwp%2Fv2%2Fcategories&post=1009"},{"taxonomy":"post_tag","embeddable":true,"href":"https:\/\/prist-esanpdc.fr\/index.php?rest_route=%2Fwp%2Fv2%2Ftags&post=1009"}],"curies":[{"name":"wp","href":"https:\/\/api.w.org\/{rel}","templated":true}]}}