{"id":1209,"date":"2019-11-25T19:21:54","date_gmt":"2019-11-25T18:21:54","guid":{"rendered":"http:\/\/prist-esanpdc.fr\/?p=1209"},"modified":"2020-11-14T18:07:00","modified_gmt":"2020-11-14T17:07:00","slug":"dominique-petitgand","status":"publish","type":"post","link":"https:\/\/prist-esanpdc.fr\/?p=1209","title":{"rendered":"Dominique PETITGAND &#8211; Voix-espace-\u00e9coute"},"content":{"rendered":"\n<p><strong>Workshop et conf\u00e9rence. 2 et 3 d\u00e9cembre. Site de Tourcoing.<\/strong><\/p>\n\n\n\n<p>Conf\u00e9rence. \u00a0Mardi 3 d\u00e9cembre. 16H.<br> <\/p>\n\n\n\n<p>Depuis 1992, Dominique Petitgand est de ces artistes sonores qui d\u00e9broussaillent devant nous.\u00a0<\/p>\n\n\n\n<p>Pour d\u00e9crire son travail, la critique parle de \u00ab&nbsp;micro-univers&nbsp;\u00bb \u2013&nbsp; il pr\u00e9f\u00e8re, lui, \u00e9voquer des \u00ab&nbsp;paysages mentaux&nbsp;\u00bb.<\/p>\n\n\n\n<p>La parole, le lieu de l\u2019enregistrement, l\u2019espace de diffusion et les \u00ab&nbsp;arr\u00eats momentan\u00e9s&nbsp;\u00bb du silence sont depuis le d\u00e9part au c\u0153ur de sa r\u00e9flexion et de sa production. Dans ses installations comme dans ses performances, son travail d\u00e9licat propose avec subtilit\u00e9 sans rien imposer. C\u2019est \u00e0 l\u2019auditeur de choisir sa place, \u00e0 la distance qui lui semble juste. Ce que Dominique Petitgand offre c\u2019est un contexte favorable \u00e0 l\u2019\u00e9coute, \u00e0 une attention au monde qu\u2019il souhaite \u00ab&nbsp;vagabonde, physique, \u00e9motionnelle et c\u00e9r\u00e9brale&nbsp;\u00bb.<\/p>\n\n\n\n<p>Son travail r\u00e9sonne dans de nombreux lieux d\u2019art \u00e0 travers le monde. Il a \u00e9galement enregistr\u00e9 des disques et publi\u00e9 plusieurs ouvrages.<\/p>\n\n\n\n<p>Workshop &nbsp;<strong><em>voix-espace-\u00e9coute. <\/em><\/strong>Lundi 2-mardi 3 d\u00e9cembre, site de Tourcoing.<\/p>\n\n\n\n<p>Deux jours de rencontre autour du travail de Petitgand et des productions sonores des \u00e9l\u00e8ves. Les \u00e9changes seront simultan\u00e9ment enregistr\u00e9s, mont\u00e9s et mix\u00e9s \u00e0 la fa\u00e7on d\u2019un reportage radio \u2013 consultable sur les diff\u00e9rents sites de l\u2019\u00e9cole.<\/p>\n\n\n\n<figure class=\"wp-block-image\"><img loading=\"lazy\" decoding=\"async\" width=\"2024\" height=\"1347\" src=\"http:\/\/prist-esanpdc.fr\/wp-content\/uploads\/2019\/11\/\u00a9-cre\u0301dit-photo-Marc-Domage-Petitgand-2024x1347.jpg\" alt=\"\" class=\"wp-image-1210\" srcset=\"https:\/\/prist-esanpdc.fr\/wp-content\/uploads\/2019\/11\/\u00a9-cre\u0301dit-photo-Marc-Domage-Petitgand-2024x1347.jpg 2024w, https:\/\/prist-esanpdc.fr\/wp-content\/uploads\/2019\/11\/\u00a9-cre\u0301dit-photo-Marc-Domage-Petitgand-600x399.jpg 600w, https:\/\/prist-esanpdc.fr\/wp-content\/uploads\/2019\/11\/\u00a9-cre\u0301dit-photo-Marc-Domage-Petitgand-768x511.jpg 768w\" sizes=\"auto, (max-width: 706px) 89vw, (max-width: 767px) 82vw, 740px\" \/><\/figure>\n","protected":false},"excerpt":{"rendered":"<p>Workshop et conf\u00e9rence. 2 et 3 d\u00e9cembre. Site de Tourcoing. Conf\u00e9rence. \u00a0Mardi 3 d\u00e9cembre. 16H. Depuis 1992, Dominique Petitgand est de ces artistes sonores qui d\u00e9broussaillent devant nous.\u00a0 Pour d\u00e9crire son travail, la critique parle de \u00ab&nbsp;micro-univers&nbsp;\u00bb \u2013&nbsp; il pr\u00e9f\u00e8re, lui, \u00e9voquer des \u00ab&nbsp;paysages mentaux&nbsp;\u00bb. La parole, le lieu de l\u2019enregistrement, l\u2019espace de diffusion et &hellip; <\/p>\n<p class=\"link-more\"><a href=\"https:\/\/prist-esanpdc.fr\/?p=1209\" class=\"more-link\">Continuer la lecture<span class=\"screen-reader-text\"> de &laquo;&nbsp;Dominique PETITGAND &#8211; Voix-espace-\u00e9coute&nbsp;&raquo;<\/span><\/a><\/p>\n","protected":false},"author":3,"featured_media":0,"comment_status":"closed","ping_status":"closed","sticky":false,"template":"","format":"standard","meta":{"footnotes":""},"categories":[1],"tags":[],"class_list":["post-1209","post","type-post","status-publish","format-standard","hentry","category-non-classe"],"_links":{"self":[{"href":"https:\/\/prist-esanpdc.fr\/index.php?rest_route=\/wp\/v2\/posts\/1209","targetHints":{"allow":["GET"]}}],"collection":[{"href":"https:\/\/prist-esanpdc.fr\/index.php?rest_route=\/wp\/v2\/posts"}],"about":[{"href":"https:\/\/prist-esanpdc.fr\/index.php?rest_route=\/wp\/v2\/types\/post"}],"author":[{"embeddable":true,"href":"https:\/\/prist-esanpdc.fr\/index.php?rest_route=\/wp\/v2\/users\/3"}],"replies":[{"embeddable":true,"href":"https:\/\/prist-esanpdc.fr\/index.php?rest_route=%2Fwp%2Fv2%2Fcomments&post=1209"}],"version-history":[{"count":3,"href":"https:\/\/prist-esanpdc.fr\/index.php?rest_route=\/wp\/v2\/posts\/1209\/revisions"}],"predecessor-version":[{"id":1482,"href":"https:\/\/prist-esanpdc.fr\/index.php?rest_route=\/wp\/v2\/posts\/1209\/revisions\/1482"}],"wp:attachment":[{"href":"https:\/\/prist-esanpdc.fr\/index.php?rest_route=%2Fwp%2Fv2%2Fmedia&parent=1209"}],"wp:term":[{"taxonomy":"category","embeddable":true,"href":"https:\/\/prist-esanpdc.fr\/index.php?rest_route=%2Fwp%2Fv2%2Fcategories&post=1209"},{"taxonomy":"post_tag","embeddable":true,"href":"https:\/\/prist-esanpdc.fr\/index.php?rest_route=%2Fwp%2Fv2%2Ftags&post=1209"}],"curies":[{"name":"wp","href":"https:\/\/api.w.org\/{rel}","templated":true}]}}