{"id":1808,"date":"2021-11-19T11:48:12","date_gmt":"2021-11-19T10:48:12","guid":{"rendered":"https:\/\/prist-esanpdc.fr\/?p=1808"},"modified":"2022-03-04T10:40:07","modified_gmt":"2022-03-04T09:40:07","slug":"laura-colmenares-guerra-adopt-a-river","status":"publish","type":"post","link":"https:\/\/prist-esanpdc.fr\/?p=1808","title":{"rendered":"Laura Colmenares Guerra \/Adopt a river"},"content":{"rendered":"\n<p><a href=\"https:\/\/ulara.org\/\">https:\/\/ulara.org\/<\/a><\/p>\n\n\n\n<p>18 &#8211; 19 novembre 2021 \/ Es\u00e4<\/p>\n\n\n\n<p>Le workshop <em>Adopt a river<\/em> a eu pour objectif de sensibiliser les \u00e9tudiants au concept de connectivit\u00e9 au paysage. L&rsquo;artiste a men\u00e9 les \u00e9tudiant.e.s \u00e0 d\u00e9velopper une zone imaginaire pens\u00e9e comme un \u00e9cosyst\u00e8me avec lequel ils ressentaient une connexion personnelle, en explorant le sentiment intime que certaines r\u00e9gions pr\u00e9cises de la Terre leur \u00e9voquaient. Dans ce cadre, ils ont travaill\u00e9 \u00e0 formuler des possibilit\u00e9s d\u2019imaginer une future re-connectivit\u00e9 entre les diff\u00e9rents biomes naturels.<\/p>\n\n\n\n<p><br>Pendant ces deux jours, \u00e0 partir d&rsquo;images issues de Google Earth par exemple, ils ont  travaill\u00e9 avec diff\u00e9rentes techniques de cr\u00e9ation de terrain gr\u00e2ce au logiciel Blender et notamment gr\u00e2ce \u00e0 l\u2019outil <em>A.N.T Landscape<\/em> pour g\u00e9n\u00e9rer des paysages.<br><\/p>\n\n\n\n<p><\/p>\n\n\n\n<figure class=\"wp-block-video\"><video controls src=\"https:\/\/prist-esanpdc.fr\/wp-content\/uploads\/2021\/11\/Document-vide\u0301o-Laura.mp4\"><\/video><figcaption>Documentation visuelle du workshop, anim\u00e9 par Laura Colmenares Guerra aupr\u00e8s des \u00e9tudiant.e.s Prist, salle Informatique, Es\u00e4, Site de Tourcoing<\/figcaption><\/figure>\n\n\n\n<h2 class=\"wp-block-heading\">Pr\u00e9sentation de l&rsquo;artiste<\/h2>\n\n\n\n<p>Artiste visuelle colombienne r\u00e9sidant \u00e0 Bruxelles, Laura Colmenares Guerra explore le potentiel de divers m\u00e9dias. Vid\u00e9o, photographie, 3D, matte painting et compositing, ses principaux axes de travail sont l\u2019installation, la sculpture, le film et la performance.<\/p>\n\n\n\n<p><br>Elle propose des environnements qui abordent la question de la perception du corps, en lien aux politiques du paysage et \u00e0 la construction des concepts de nature et de naturel. Dans le domaine de l\u2019installation, Laura a d\u00e9velopp\u00e9 des oeuvres utilisant des dispositifs interactifs afin de cr\u00e9er une exp\u00e9rience immersive pour le spectateur.<\/p>\n\n\n\n<figure class=\"wp-block-embed is-type-video is-provider-vimeo wp-block-embed-vimeo\"><div class=\"wp-block-embed__wrapper\">\n<iframe loading=\"lazy\" title=\"R\u00cdOS\" src=\"https:\/\/player.vimeo.com\/video\/577648422?dnt=1&amp;app_id=122963\" width=\"525\" height=\"295\" frameborder=\"0\" allow=\"autoplay; fullscreen; picture-in-picture; clipboard-write; encrypted-media\"><\/iframe>\n<\/div><figcaption>Laura Colmenares Guerra R\u00cdOS \/\/ CHAPTER II, Installation Artworks<br><\/figcaption><\/figure>\n\n\n\n<figure class=\"wp-block-image size-large\"><img loading=\"lazy\" decoding=\"async\" width=\"2024\" height=\"1003\" src=\"https:\/\/prist-esanpdc.fr\/wp-content\/uploads\/2021\/11\/Capture-de\u0301cran-2021-11-19-a\u0300-11.19.57-2024x1003.png\" alt=\"\" class=\"wp-image-1809\" srcset=\"https:\/\/prist-esanpdc.fr\/wp-content\/uploads\/2021\/11\/Capture-de\u0301cran-2021-11-19-a\u0300-11.19.57-2024x1003.png 2024w, https:\/\/prist-esanpdc.fr\/wp-content\/uploads\/2021\/11\/Capture-de\u0301cran-2021-11-19-a\u0300-11.19.57-600x297.png 600w, https:\/\/prist-esanpdc.fr\/wp-content\/uploads\/2021\/11\/Capture-de\u0301cran-2021-11-19-a\u0300-11.19.57-768x381.png 768w, https:\/\/prist-esanpdc.fr\/wp-content\/uploads\/2021\/11\/Capture-de\u0301cran-2021-11-19-a\u0300-11.19.57-1536x761.png 1536w, https:\/\/prist-esanpdc.fr\/wp-content\/uploads\/2021\/11\/Capture-de\u0301cran-2021-11-19-a\u0300-11.19.57-2048x1015.png 2048w\" sizes=\"auto, (max-width: 706px) 89vw, (max-width: 767px) 82vw, 740px\" \/><figcaption><meta charset=\"utf-8\">Laura Colmenares Guerra R\u00cdOS \/\/ CHAPTER II, Installation Artworks<\/figcaption><\/figure>\n\n\n\n<figure class=\"wp-block-embed is-type-video is-provider-vimeo wp-block-embed-vimeo\"><div class=\"wp-block-embed__wrapper\">\n<iframe loading=\"lazy\" title=\"LAGUNAS\" src=\"https:\/\/player.vimeo.com\/video\/206194461?dnt=1&amp;app_id=122963\" width=\"525\" height=\"295\" frameborder=\"0\" allow=\"autoplay; fullscreen; picture-in-picture; clipboard-write; encrypted-media\"><\/iframe>\n<\/div><\/figure>\n\n\n\n<p><a href=\"https:\/\/vimeo.com\/206194461\">LAGUNAS<\/a> from <a href=\"https:\/\/vimeo.com\/ulara\">Laura Colmenares Guerra<\/a> on <a href=\"https:\/\/vimeo.com\">Vimeo<\/a>.<\/p>\n\n\n\n<p><\/p>\n","protected":false},"excerpt":{"rendered":"<p>https:\/\/ulara.org\/ 18 &#8211; 19 novembre 2021 \/ Es\u00e4 Le workshop Adopt a river a eu pour objectif de sensibiliser les \u00e9tudiants au concept de connectivit\u00e9 au paysage. L&rsquo;artiste a men\u00e9 les \u00e9tudiant.e.s \u00e0 d\u00e9velopper une zone imaginaire pens\u00e9e comme un \u00e9cosyst\u00e8me avec lequel ils ressentaient une connexion personnelle, en explorant le sentiment intime que certaines &hellip; <\/p>\n<p class=\"link-more\"><a href=\"https:\/\/prist-esanpdc.fr\/?p=1808\" class=\"more-link\">Continuer la lecture<span class=\"screen-reader-text\"> de &laquo;&nbsp;Laura Colmenares Guerra \/Adopt a river&nbsp;&raquo;<\/span><\/a><\/p>\n","protected":false},"author":3,"featured_media":0,"comment_status":"closed","ping_status":"closed","sticky":false,"template":"","format":"standard","meta":{"footnotes":""},"categories":[7,8],"tags":[],"class_list":["post-1808","post","type-post","status-publish","format-standard","hentry","category-conferences","category-worshops"],"_links":{"self":[{"href":"https:\/\/prist-esanpdc.fr\/index.php?rest_route=\/wp\/v2\/posts\/1808","targetHints":{"allow":["GET"]}}],"collection":[{"href":"https:\/\/prist-esanpdc.fr\/index.php?rest_route=\/wp\/v2\/posts"}],"about":[{"href":"https:\/\/prist-esanpdc.fr\/index.php?rest_route=\/wp\/v2\/types\/post"}],"author":[{"embeddable":true,"href":"https:\/\/prist-esanpdc.fr\/index.php?rest_route=\/wp\/v2\/users\/3"}],"replies":[{"embeddable":true,"href":"https:\/\/prist-esanpdc.fr\/index.php?rest_route=%2Fwp%2Fv2%2Fcomments&post=1808"}],"version-history":[{"count":2,"href":"https:\/\/prist-esanpdc.fr\/index.php?rest_route=\/wp\/v2\/posts\/1808\/revisions"}],"predecessor-version":[{"id":1814,"href":"https:\/\/prist-esanpdc.fr\/index.php?rest_route=\/wp\/v2\/posts\/1808\/revisions\/1814"}],"wp:attachment":[{"href":"https:\/\/prist-esanpdc.fr\/index.php?rest_route=%2Fwp%2Fv2%2Fmedia&parent=1808"}],"wp:term":[{"taxonomy":"category","embeddable":true,"href":"https:\/\/prist-esanpdc.fr\/index.php?rest_route=%2Fwp%2Fv2%2Fcategories&post=1808"},{"taxonomy":"post_tag","embeddable":true,"href":"https:\/\/prist-esanpdc.fr\/index.php?rest_route=%2Fwp%2Fv2%2Ftags&post=1808"}],"curies":[{"name":"wp","href":"https:\/\/api.w.org\/{rel}","templated":true}]}}