{"id":2000,"date":"2022-05-02T15:20:42","date_gmt":"2022-05-02T13:20:42","guid":{"rendered":"https:\/\/prist-esanpdc.fr\/?p=2000"},"modified":"2022-05-02T15:20:42","modified_gmt":"2022-05-02T13:20:42","slug":"activites-de-recherche-2021-2022","status":"publish","type":"post","link":"https:\/\/prist-esanpdc.fr\/?p=2000","title":{"rendered":"Activit\u00e9s de recherche 2021-2022"},"content":{"rendered":"\n<p><strong>14\/10\/2021<\/strong>&nbsp;&#8211; 14h \u2013 <a href=\"https:\/\/prist-esanpdc.fr\/?p=1764\">Visite du <strong>SCALab<\/strong><\/a>, Laboratoire de Sciences Cognitives et Affectives de l&rsquo;Universit\u00e9 de Lille. <a href=\"https:\/\/scalab.univ-lille.fr\/\">https:\/\/scalab.univ-lille.fr\/<\/a>Ce laboratoire d\u00e9veloppe \u00ab\u00a0un programme de recherche sur la cognition, les \u00e9motions et les croyances\u00a0\u00bb. Une partie de ses \u00e9quipements est situ\u00e9e sur le site de la Plaine Images \u00e0 Tourcoing, au sein du b\u00e2timent Imaginarium. Une visite du TORE (The Open Reality Exp\u00e9rience), espace de r\u00e9alit\u00e9 virtuelle, est pr\u00e9vue \u00e0 cette occasion.<a href=\"https:\/\/www.plaine-images.fr\/les-actus\/the-open-reality-experience\/\">https:\/\/www.plaine-images.fr\/les-actus\/the-open-reality-experience\/<\/a> <\/p>\n\n\n\n<p><strong>21\/10\/2021<\/strong> &#8211; 14h &#8211;  Intervention de l&rsquo;artiste <strong>St\u00e9phanie Lagarde<\/strong>. <a rel=\"noreferrer noopener\" href=\"https:\/\/lagardestephanie.com\/\" target=\"_blank\">https:\/\/lagardestephanie.com\/<\/a><br>\u00ab\u00a0St\u00e9phanie Lagarde est une artiste qui s\u2019int\u00e9resse \u00e0 la fronti\u00e8re, la bascule entre le r\u00e9el et la fiction. Elle participe \u00e0 de nombreuses expositions en France et \u00e0 l\u2019international telles qu\u2019au Tallinn Art Hall en Estonie, \u00e0 la Biennale Movinta de Nice, au Ludwig Forum f\u00fcr Internationale Kunst en Allemagne, au Centre for Contemporary Photography de Melbourne. Apr\u00e8s une r\u00e9sidence \u00e0 la Jan van Eyck Academie de Maastricht et \u00e0 la Fonderie Darling de Montr\u00e9al, elle est actuellement en r\u00e9sidence au Salzburger Kunstverein en Autriche\u00a0\u00bb.<\/p>\n\n\n\n<p><strong>22\/10\/2021<\/strong> &#8211; Visite du laboratoire d&rsquo;\u00e9lectrotechnique et d&rsquo;\u00e9lectronique de puissance, Universit\u00e9 de Lille, par <strong>Fr\u00e9d\u00e9ric Giraud<\/strong>. Pr\u00e9sentation du projet STIMTAC <a href=\"http:\/\/l2ep.univ-lille.fr\/groupes-de-recherche\/equipe-commande\/projet-stimtac\/\">http:\/\/l2ep.univ-lille.fr\/groupes-de-recherche\/equipe-commande\/projet-stimtac\/<\/a>. Cit\u00e9 scientifique.<\/p>\n\n\n\n<p><strong>28\/10\/2021<\/strong> &#8211; 14h &#8211;  Intervention du philosophe <strong>An<a href=\"https:\/\/prist-esanpdc.fr\/?p=1794\">drea Pinotti.<\/a><\/strong> <a rel=\"noreferrer noopener\" href=\"https:\/\/www.paris-iea.fr\/fr\/liste-des-residents\/andrea-pinotti\" target=\"_blank\">https:\/\/www.paris-iea.fr\/fr\/liste-des-residents\/andrea-pinotti<\/a><br>Andrea Pinotti est professeur d&rsquo;esth\u00e9tique, de la repr\u00e9sentation et de la th\u00e9orie de l&rsquo;image \u00e0 l&rsquo;Universit\u00e9 de Milan. Ses projets de recherche portent sur \u00ab\u00a0l&rsquo;hyperimage, la simulation, l&rsquo;immersion et le d\u00e9fi des environnements hyperr\u00e9alistes\u00a0\u00bb.<\/p>\n\n\n\n<p><strong>18 au 19\/11\/2021 <\/strong>&#8211; Workshop avec <strong>Laura Colmenares Guerra<\/strong>. <a href=\"https:\/\/ulara.org\/\">https:\/\/ulara.org\/<\/a> \u00ab\u00a0Artiste visuel Colombienne et Espagnole, habitant \u00e0 Bruxelles, Laura explore le\u00a0potentiel de divers m\u00e9dias. Vid\u00e9o, photographie, 3D, matte painting et\u00a0compositing, ses principaux axes de travail sont l&rsquo;installation, la sculpture, le film\u00a0et la performance.\u00a0Elle propose des environnements qui abordent la question de la perception du\u00a0corps, en lien aux politiques du paysage et \u00e0 la construction des concepts de\u00a0nature et de naturel.\u00a0Dans le domaine de l&rsquo;installation, Laura a d\u00e9velopp\u00e9 des oeuvres utilisant des\u00a0dispositifs interactifs afin de cr\u00e9er une exp\u00e9rience immersive pour le spectateur\u00a0\u00bb. http:\/\/www.artsplastiques.cfwb.be\/index.php?id=17232  <\/p>\n\n\n\n<p><strong>23 au 26\/11\/ 2021<\/strong> &#8211; Workshop avec <strong>David Ayoun<\/strong> <a href=\"http:\/\/www.davidayoun.fr \">http:\/\/www.davidayoun.fr <\/a> et <strong>Esther Mollo<\/strong> <a href=\"https:\/\/www.lecorpsutopique.com\/esther-mollo\/ \">https:\/\/www.lecorpsutopique.com\/esther-mollo\/ <\/a><\/p>\n\n\n\n<p><strong>02\/12\/2021 <\/strong> &#8211; D\u00e9but du <strong>Module de Co-cr\u00e9ation Arts &amp; Sciences<\/strong>, Es\u00e4\/Polytech\u2019Lille, <strong>avec intervention du Pr. Christophe Chaillou<\/strong>. Pr\u00e9sentation des pr\u00e9-projets artistiques pour le module. Observant que les collaborations entre artistes et ing\u00e9nieurs tendent aujourd\u2019hui \u00e0 s\u2019acc\u00e9l\u00e9rer, ce module permet d\u2019en faire l\u2019exp\u00e9rience, en faisant travailler les \u00e9tudiants ing\u00e9nieurs de Polytech\u2019Lille avec les \u00e9tudiants de l\u2019es\u00e4. Les \u00e9tudiants des deux institutions sont encadr\u00e9s par les scientifiques et les enseignants de l&rsquo;es\u00e4. La production est d\u00e9velopp\u00e9e au FabLab de Polytech&rsquo;Lille (le Fabricarium).<\/p>\n\n\n\n<p><strong>16\/12\/2021<\/strong> &#8211; 14h30 &#8211; Intervention de <strong>Stephen Vitiello.<\/strong> <a href=\"https:\/\/www.stephenvitiello.com\/\">https:\/\/www.stephenvitiello.com\/<\/a>. \u00ab\u00a0Tracing the sound of space is Vitiello\u2019s most recent venture, but throughout the 1990s he was the sound guy on call for New York video artists. His sound works accompanied video works by, among others, Tony Oursler, Jem Cohen and Nam June Paik. A collaboration with Brazilian artist \u00c9der Santos brought him to the attention of the organisers of the 1998 Per&gt;SON festival. Vitiello was then invited to create a 64-channel audio work in a church in Cologne. Programmed alongside Pauline Oliveros and Scanner, Vitiello leapt from video accompanist to the first rank of artists using sound in its own right. At the same time, \u2018sound art\u2019 leapt from dank basement sub-category to shiny immanence\u00a0\u00bb. http:\/\/www.kim-cohen.com\/seth_texts\/Stephen_Vitiello_Profile.html<\/p>\n\n\n\n<p><strong>17 au 21\/01\/2022<\/strong> &#8211; <strong>Module de Co-cr\u00e9ation Arts &amp; Sciences<\/strong>, Es\u00e4\/Polytech\u2019Lille. Avec les \u00e9l\u00e8ves de Master Polytech\u2019Lille. <\/p>\n\n\n\n<p>Le module comprend une initiation aux questions pos\u00e9es par les \u0153uvres situ\u00e9es \u00e0 l\u2019interface des arts et des sciences. Il se poursuit par la rencontre avec un artiste contemporain, dont les \u0153uvres complexes &#8211; num\u00e9riques et interactives, souvent dot\u00e9es de formes et mat\u00e9riaux innovants -, sollicitent les comp\u00e9tences en ing\u00e9nierie, transformant l\u2019ing\u00e9nieur en co-cr\u00e9ateur de l&rsquo;\u0153uvre. Enfin, le module am\u00e8ne l\u2019\u00e9tudiant ing\u00e9nieur \u00e0 r\u00e9pondre aux questions et besoins que se posent les \u00e9tudiants en art au sujet de leur installation artistique et \u00e0 inventer des solutions innovantes en dialogue avec ces jeunes artistes.<\/p>\n\n\n\n<p><strong>31\/03\/2022 <\/strong>&#8211; 10h &#8211; Intervention de <strong><a rel=\"noreferrer noopener\" href=\"http:\/\/elise-morin.com\/\" target=\"_blank\">Elise Morin<\/a><\/strong> autour de la pi\u00e8ce <em>Spring Odyssey<\/em>, suivi d&rsquo;un apr\u00e8s-midi d&rsquo;\u00e9change autour des projets.<\/p>\n\n\n\n<p>Elise Morin develops an interdisciplinary practice rooted in ecological thinking that questions our relationship to the visible and to types of coexistence. The design and production processes generate collaborations with scientists, local communities, engineers, musicians and philosophers.<br>The choice of specific places and environments are intrinsic components of her work. They enable re-flection on the relationship of creation to the com-mon good, on the role of esthetics in understanding other perceptions of a damaged world.\u00a0\u00bb<\/p>\n\n\n\n<p><strong>10\/03\/2022 <\/strong>&#8211; Intervention de Mauro Carbone. <a href=\"https:\/\/facdephilo.univ-lyon3.fr\/carbone-mauro-2 \">https:\/\/facdephilo.univ-lyon3.fr\/carbone-mauro-2 <\/a>.<\/p>\n\n\n\n<p><strong>05 au 25\/05\/2022 <\/strong>&#8211; Montage, exposition et d\u00e9montage de l&rsquo;<strong>Exposition PRIST<\/strong>, Galerie Commune. Montage du 05\/05 au 11\/05 ; Vernissage le 12\/05, Exposition du 13\/05 au 20\/05 ; D\u00e9montage et remise en \u00e9tat : 23 et 24\/05.<a href=\" http:\/\/galeriecommune.com\/\"> <strong>http:\/\/galeriecommune.com\/<\/strong><\/a><\/p>\n","protected":false},"excerpt":{"rendered":"<p>14\/10\/2021&nbsp;&#8211; 14h \u2013 Visite du SCALab, Laboratoire de Sciences Cognitives et Affectives de l&rsquo;Universit\u00e9 de Lille. https:\/\/scalab.univ-lille.fr\/Ce laboratoire d\u00e9veloppe \u00ab\u00a0un programme de recherche sur la cognition, les \u00e9motions et les croyances\u00a0\u00bb. Une partie de ses \u00e9quipements est situ\u00e9e sur le site de la Plaine Images \u00e0 Tourcoing, au sein du b\u00e2timent Imaginarium. Une visite du &hellip; <\/p>\n<p class=\"link-more\"><a href=\"https:\/\/prist-esanpdc.fr\/?p=2000\" class=\"more-link\">Continuer la lecture<span class=\"screen-reader-text\"> de &laquo;&nbsp;Activit\u00e9s de recherche 2021-2022&nbsp;&raquo;<\/span><\/a><\/p>\n","protected":false},"author":3,"featured_media":0,"comment_status":"closed","ping_status":"closed","sticky":false,"template":"","format":"standard","meta":{"footnotes":""},"categories":[1],"tags":[],"class_list":["post-2000","post","type-post","status-publish","format-standard","hentry","category-non-classe"],"_links":{"self":[{"href":"https:\/\/prist-esanpdc.fr\/index.php?rest_route=\/wp\/v2\/posts\/2000","targetHints":{"allow":["GET"]}}],"collection":[{"href":"https:\/\/prist-esanpdc.fr\/index.php?rest_route=\/wp\/v2\/posts"}],"about":[{"href":"https:\/\/prist-esanpdc.fr\/index.php?rest_route=\/wp\/v2\/types\/post"}],"author":[{"embeddable":true,"href":"https:\/\/prist-esanpdc.fr\/index.php?rest_route=\/wp\/v2\/users\/3"}],"replies":[{"embeddable":true,"href":"https:\/\/prist-esanpdc.fr\/index.php?rest_route=%2Fwp%2Fv2%2Fcomments&post=2000"}],"version-history":[{"count":1,"href":"https:\/\/prist-esanpdc.fr\/index.php?rest_route=\/wp\/v2\/posts\/2000\/revisions"}],"predecessor-version":[{"id":2001,"href":"https:\/\/prist-esanpdc.fr\/index.php?rest_route=\/wp\/v2\/posts\/2000\/revisions\/2001"}],"wp:attachment":[{"href":"https:\/\/prist-esanpdc.fr\/index.php?rest_route=%2Fwp%2Fv2%2Fmedia&parent=2000"}],"wp:term":[{"taxonomy":"category","embeddable":true,"href":"https:\/\/prist-esanpdc.fr\/index.php?rest_route=%2Fwp%2Fv2%2Fcategories&post=2000"},{"taxonomy":"post_tag","embeddable":true,"href":"https:\/\/prist-esanpdc.fr\/index.php?rest_route=%2Fwp%2Fv2%2Ftags&post=2000"}],"curies":[{"name":"wp","href":"https:\/\/api.w.org\/{rel}","templated":true}]}}