{"id":2427,"date":"2023-01-23T09:18:25","date_gmt":"2023-01-23T08:18:25","guid":{"rendered":"https:\/\/prist-esanpdc.fr\/?p=2427"},"modified":"2023-01-23T09:32:59","modified_gmt":"2023-01-23T08:32:59","slug":"module-de-co-creation-arts-et-sciences-polytechlille-esa-tourcoing","status":"publish","type":"post","link":"https:\/\/prist-esanpdc.fr\/?p=2427","title":{"rendered":"Module de co-cr\u00e9ation Arts et Sciences, Polytech\u2019Lille &#8211; Es\u00e4-Tourcoing"},"content":{"rendered":"\n<p>16 &#8211; 20 janvier 2023<\/p>\n\n\n\n<p>L\u2019exploration critique de la notion plurielle d\u2019\u00e9nergie s\u2019est trouv\u00e9e \u00e0 nouveaux frais explor\u00e9e \u00e0 travers le Module de co-cr\u00e9ation Arts et Sciences, Polytech\u2019Lille \/ Es\u00e4 qui s\u2019est d\u00e9roul\u00e9 du 16 au 20 janvier 2023, dans le cadre du programme de recherche Prist, qui sera cl\u00f4tur\u00e9 par l&rsquo;exposition \u00e0 la Galerie Commune, du 6 au 14 avril.&nbsp;<\/p>\n\n\n\n<figure class=\"wp-block-image size-full\"><img loading=\"lazy\" decoding=\"async\" width=\"1200\" height=\"1221\" src=\"https:\/\/prist-esanpdc.fr\/wp-content\/uploads\/2023\/01\/Module-A.jpeg\" alt=\"\" class=\"wp-image-2428\" srcset=\"https:\/\/prist-esanpdc.fr\/wp-content\/uploads\/2023\/01\/Module-A.jpeg 1200w, https:\/\/prist-esanpdc.fr\/wp-content\/uploads\/2023\/01\/Module-A-590x600.jpeg 590w, https:\/\/prist-esanpdc.fr\/wp-content\/uploads\/2023\/01\/Module-A-768x781.jpeg 768w\" sizes=\"auto, (max-width: 706px) 89vw, (max-width: 767px) 82vw, 740px\" \/><figcaption>Journ\u00e9e d&rsquo;ouverture, 16\/01\/23<\/figcaption><\/figure>\n\n\n\n<p>Ce module a rassembl\u00e9 11 \u00e9tudiants de l\u2019Es\u00e4 et 15 \u00e9tudiants en Master de l\u2019\u00c9cole polytechnique universitaire de Lille, encadr\u00e9 par Christophe Chaillou (Universit\u00e9 de Lille), Nathalie Stefanov, Hugo Din\u00ebr et Marie Lelouche, enseignants \u00e0 l\u2019Es\u00e4. Les artistes M\u00e9lanie Berger et Kostrzewa Hugo ont \u00e9galement pris part au projet. Pendant une semaine, jeunes artistes et ing\u00e9nieurs ont d\u00e9velopp\u00e9 leur projet de co-cr\u00e9ation, anim\u00e9s d\u2019un d\u00e9sir de travailler en compl\u00e9mentarit\u00e9 sur le d\u00e9veloppement de la production artistique en vue de l&rsquo;exposition Prist.<\/p>\n\n\n\n<figure class=\"wp-block-image size-full\"><img loading=\"lazy\" decoding=\"async\" width=\"1600\" height=\"897\" src=\"https:\/\/prist-esanpdc.fr\/wp-content\/uploads\/2023\/01\/Module-2.jpeg\" alt=\"\" class=\"wp-image-2429\" srcset=\"https:\/\/prist-esanpdc.fr\/wp-content\/uploads\/2023\/01\/Module-2.jpeg 1600w, https:\/\/prist-esanpdc.fr\/wp-content\/uploads\/2023\/01\/Module-2-600x336.jpeg 600w, https:\/\/prist-esanpdc.fr\/wp-content\/uploads\/2023\/01\/Module-2-768x431.jpeg 768w, https:\/\/prist-esanpdc.fr\/wp-content\/uploads\/2023\/01\/Module-2-1536x861.jpeg 1536w\" sizes=\"auto, (max-width: 706px) 89vw, (max-width: 767px) 82vw, 740px\" \/><figcaption>ARCH\u00c9OLOGIE ANTHROPIQUE DES PIERRES<br>Janitta Pel, en fili\u00e8re Art.image de l\u2019es\u00e4 ( Instagram janitta_pel )&amp;<br>Marie Regnier, en d\u00e9partement Mat\u00e9riaux ;<br>Matthieu Papaseit, en Syst\u00e8mes embarqu\u00e9s ;<br>et Fatoumata Diallo, en G\u00e9nie civil de Polytech Lille<\/figcaption><\/figure>\n\n\n\n<p>Suite \u00e0 son lancement le lundi 16 janvier \u00e0 l\u2019Es\u00e4 Tourcoing, le Module s\u2019est tenu au Fabricarium, le Fablab de Polytech\u2019Lille, espace de cr\u00e9ativit\u00e9 regroupant diff\u00e9rents outils pilot\u00e9s par ordinateur permettant notamment le prototypage d\u2019objets 3D.<\/p>\n\n\n\n<figure class=\"wp-block-image size-full\"><img loading=\"lazy\" decoding=\"async\" width=\"1600\" height=\"900\" src=\"https:\/\/prist-esanpdc.fr\/wp-content\/uploads\/2023\/01\/Module-7.jpeg\" alt=\"\" class=\"wp-image-2430\" srcset=\"https:\/\/prist-esanpdc.fr\/wp-content\/uploads\/2023\/01\/Module-7.jpeg 1600w, https:\/\/prist-esanpdc.fr\/wp-content\/uploads\/2023\/01\/Module-7-600x338.jpeg 600w, https:\/\/prist-esanpdc.fr\/wp-content\/uploads\/2023\/01\/Module-7-768x432.jpeg 768w, https:\/\/prist-esanpdc.fr\/wp-content\/uploads\/2023\/01\/Module-7-1536x864.jpeg 1536w\" sizes=\"auto, (max-width: 706px) 89vw, (max-width: 767px) 82vw, 740px\" \/><figcaption>Nazif Can Ak\u00e7al\u0131<br>Th\u00e9o Berlemont<br>D\u00e9partement G\u00e9nie Biologique et Alimentaire de Polytech<br>Projet: Mycoderma aceti<\/figcaption><\/figure>\n\n\n\n<p>Avec :<br>V\u00e9ronica De Oliveira Mota, Barbara Bouet, C\u00e9cilia Diette, Maxence Laurent, Thomas Ferreira, Maxence Neus, Zoubida Zarhloul, Chuihui Luo, Louis Miglioretti, Nathalie Lesure, Anas Mazoz, Clotilde Segard, Reda Ousalhi, Marc Andrieux, Aleksandre Zharaya, Logan Paquin, Lo\u00efc Bal, Janitta Pel, Marie Reignier, Matthieu Papaseit,Fatoumata-Diaraye Diallo, Amandine Rousseau, Florian Derlique, Thibault Meynier. Merci \u00e0 Fabien Jonckeheere, Fabmanager.<\/p>\n\n\n\n<figure class=\"wp-block-image size-full\"><img loading=\"lazy\" decoding=\"async\" width=\"1600\" height=\"1131\" src=\"https:\/\/prist-esanpdc.fr\/wp-content\/uploads\/2023\/01\/Module-6.jpeg\" alt=\"\" class=\"wp-image-2431\" srcset=\"https:\/\/prist-esanpdc.fr\/wp-content\/uploads\/2023\/01\/Module-6.jpeg 1600w, https:\/\/prist-esanpdc.fr\/wp-content\/uploads\/2023\/01\/Module-6-600x424.jpeg 600w, https:\/\/prist-esanpdc.fr\/wp-content\/uploads\/2023\/01\/Module-6-768x543.jpeg 768w, https:\/\/prist-esanpdc.fr\/wp-content\/uploads\/2023\/01\/Module-6-1536x1086.jpeg 1536w\" sizes=\"auto, (max-width: 706px) 89vw, (max-width: 767px) 82vw, 740px\" \/><figcaption>Thomas FERREIRA &#8211; Maxence NEUS (SE)- Zoubida Zarhoul (2IA) &#8211; projet 3D Printing Loop<\/figcaption><\/figure>\n\n\n\n<figure class=\"wp-block-image size-full\"><img loading=\"lazy\" decoding=\"async\" width=\"1600\" height=\"980\" src=\"https:\/\/prist-esanpdc.fr\/wp-content\/uploads\/2023\/01\/Module-5.jpeg\" alt=\"\" class=\"wp-image-2436\" srcset=\"https:\/\/prist-esanpdc.fr\/wp-content\/uploads\/2023\/01\/Module-5.jpeg 1600w, https:\/\/prist-esanpdc.fr\/wp-content\/uploads\/2023\/01\/Module-5-600x368.jpeg 600w, https:\/\/prist-esanpdc.fr\/wp-content\/uploads\/2023\/01\/Module-5-768x470.jpeg 768w, https:\/\/prist-esanpdc.fr\/wp-content\/uploads\/2023\/01\/Module-5-1536x941.jpeg 1536w\" sizes=\"auto, (max-width: 706px) 89vw, (max-width: 767px) 82vw, 740px\" \/><figcaption>L&rsquo;eau submergera les terres<br>ESA : Chuhui Luo<br>Polytech Lille : Louis Miglioretti<\/figcaption><\/figure>\n\n\n\n<figure class=\"wp-block-image size-full\"><img loading=\"lazy\" decoding=\"async\" width=\"640\" height=\"295\" src=\"https:\/\/prist-esanpdc.fr\/wp-content\/uploads\/2023\/01\/Soutenances-des-proejts.-jpg-1.jpeg\" alt=\"\" class=\"wp-image-2433\" srcset=\"https:\/\/prist-esanpdc.fr\/wp-content\/uploads\/2023\/01\/Soutenances-des-proejts.-jpg-1.jpeg 640w, https:\/\/prist-esanpdc.fr\/wp-content\/uploads\/2023\/01\/Soutenances-des-proejts.-jpg-1-600x277.jpeg 600w\" sizes=\"auto, (max-width: 640px) 100vw, 640px\" \/><figcaption>Soutenance 20\/01\/23<\/figcaption><\/figure>\n","protected":false},"excerpt":{"rendered":"<p>16 &#8211; 20 janvier 2023 L\u2019exploration critique de la notion plurielle d\u2019\u00e9nergie s\u2019est trouv\u00e9e \u00e0 nouveaux frais explor\u00e9e \u00e0 travers le Module de co-cr\u00e9ation Arts et Sciences, Polytech\u2019Lille \/ Es\u00e4 qui s\u2019est d\u00e9roul\u00e9 du 16 au 20 janvier 2023, dans le cadre du programme de recherche Prist, qui sera cl\u00f4tur\u00e9 par l&rsquo;exposition \u00e0 la Galerie &hellip; <\/p>\n<p class=\"link-more\"><a href=\"https:\/\/prist-esanpdc.fr\/?p=2427\" class=\"more-link\">Continuer la lecture<span class=\"screen-reader-text\"> de &laquo;&nbsp;Module de co-cr\u00e9ation Arts et Sciences, Polytech\u2019Lille &#8211; Es\u00e4-Tourcoing&nbsp;&raquo;<\/span><\/a><\/p>\n","protected":false},"author":3,"featured_media":0,"comment_status":"closed","ping_status":"closed","sticky":false,"template":"","format":"standard","meta":{"footnotes":""},"categories":[1],"tags":[],"class_list":["post-2427","post","type-post","status-publish","format-standard","hentry","category-non-classe"],"_links":{"self":[{"href":"https:\/\/prist-esanpdc.fr\/index.php?rest_route=\/wp\/v2\/posts\/2427","targetHints":{"allow":["GET"]}}],"collection":[{"href":"https:\/\/prist-esanpdc.fr\/index.php?rest_route=\/wp\/v2\/posts"}],"about":[{"href":"https:\/\/prist-esanpdc.fr\/index.php?rest_route=\/wp\/v2\/types\/post"}],"author":[{"embeddable":true,"href":"https:\/\/prist-esanpdc.fr\/index.php?rest_route=\/wp\/v2\/users\/3"}],"replies":[{"embeddable":true,"href":"https:\/\/prist-esanpdc.fr\/index.php?rest_route=%2Fwp%2Fv2%2Fcomments&post=2427"}],"version-history":[{"count":2,"href":"https:\/\/prist-esanpdc.fr\/index.php?rest_route=\/wp\/v2\/posts\/2427\/revisions"}],"predecessor-version":[{"id":2437,"href":"https:\/\/prist-esanpdc.fr\/index.php?rest_route=\/wp\/v2\/posts\/2427\/revisions\/2437"}],"wp:attachment":[{"href":"https:\/\/prist-esanpdc.fr\/index.php?rest_route=%2Fwp%2Fv2%2Fmedia&parent=2427"}],"wp:term":[{"taxonomy":"category","embeddable":true,"href":"https:\/\/prist-esanpdc.fr\/index.php?rest_route=%2Fwp%2Fv2%2Fcategories&post=2427"},{"taxonomy":"post_tag","embeddable":true,"href":"https:\/\/prist-esanpdc.fr\/index.php?rest_route=%2Fwp%2Fv2%2Ftags&post=2427"}],"curies":[{"name":"wp","href":"https:\/\/api.w.org\/{rel}","templated":true}]}}