{"id":2518,"date":"2024-01-18T18:22:06","date_gmt":"2024-01-18T17:22:06","guid":{"rendered":"https:\/\/prist-esanpdc.fr\/?p=2518"},"modified":"2024-03-13T15:40:43","modified_gmt":"2024-03-13T14:40:43","slug":"presentation-du-programme-2023-24","status":"publish","type":"post","link":"https:\/\/prist-esanpdc.fr\/?p=2518","title":{"rendered":"Pr\u00e9sentation de Tipping Point : What if ?"},"content":{"rendered":"\n<p>Programme de recherche 2023-24<\/p>\n\n\n\n<p>Poursuivant son questionnement sur les relations entre les arts, les sciences et les technologies, le programme de recherche Prist s&#8217;emploie, dans cette nouvelle \u00e9dition, \u00e0 examiner les mondes vivants non humains, d&rsquo;une part (ARC Prist Mondes vivants), et les univers sp\u00e9cifiques des documents, archives et m\u00e9moires, d&rsquo;autre part (S\u00e9minaire saPRISTi). Ces deux r\u00e9alit\u00e9s, \u00e9voluant en parall\u00e8le \u00e0 la n\u00f4tre, tout en \u00e9tant intriqu\u00e9es \u00e0 nos devenir, exigent une exploration approfondie.&nbsp;<\/p>\n\n\n\n<p>Comme chaque ann\u00e9e, le programme regroupe une quinzaine d&rsquo;\u00e9tudiant\u00b7es du second cycle et de troisi\u00e8me ann\u00e9e. En janvier, il s&rsquo;enrichit de la collaboration de <a href=\"https:\/\/www.polytech-lille.fr\/\">Polytech&rsquo;Lille<\/a> o\u00f9, sous la forme de bin\u00f4mes, les \u00e9tudiants en art co-produisent leur pi\u00e8ce avec les \u00e9tudiants ing\u00e9nieurs.<\/p>\n\n\n\n<p>Le r\u00e9sultat des recherches plastiques est pr\u00e9sent\u00e9 sour la forme d&rsquo;une exposition du 4, avril au 11 avril \u00e0 la <a href=\"https:\/\/galeriecommune.art\/\">Galerie Commune<\/a>, Es\u00e4, Tourcoing.<\/p>\n\n\n\n<p>Vernissage le jeudi 4 avril, 18h00, <a href=\"https:\/\/galeriecommune.art\/\">Galerie Commune<\/a>, Es\u00e4, Tourcoing.<\/p>\n\n\n\n<p><strong>Th\u00e9matiques<\/strong><\/p>\n\n\n\n<p><strong>L\u2019ARC Prist Mondes vivants <\/strong>s\u2019emploie \u00e0 questionner les relations complexes que les arts entretiennent avec les soci\u00e9t\u00e9s productivistes, berc\u00e9es par le mythe de la croissance. Pour cela, il est apparu judicieux de poser les mondes vivants non humains au c\u0153ur de la r\u00e9flexion, en incitant les jeunes artistes \u00e0 reconsid\u00e9rer les modes de perceptions et d&rsquo;existences autres qu&rsquo;humaines. Ce projet engage \u00e9galement \u00e0 prendre conscience de l\u2019impact sur les \u00e9cosyst\u00e8mes des mat\u00e9riaux artistiques, d&rsquo;en interroger les m\u00e9canismes d&rsquo;extraction souvent n\u00e9cessaire \u00e0 leur existence. <\/p>\n\n\n\n<p>En r\u00e9fl\u00e9chissant aux \u00e9cosyst\u00e8mes et en travaillant sur l&#8217;empathie envers les v\u00e9g\u00e9taux et les autres qu\u2019humains, ce projet entend inventer des formes et des probl\u00e9matiques artistiques qui interrogent de mani\u00e8re critique les contextes urbains et artificiels dans lesquels les acteurs et les actrices de l\u2019art, dans leur majorit\u00e9, se situent actuellement. Dans une perspective historique, comment peuvent-ils\u00b7elles&nbsp; s\u2019\u00e9manciper de l\u2019h\u00e9ritage des mouvements avant-gardistes artistiques dont certains se sont si promptement ajust\u00e9s aux imaginaires li\u00e9s aux technologies et aux id\u00e9ologies du Progr\u00e8s ? Comment orienter la recherche et la sensibilit\u00e9 artistique vers les mondes non humains dont les les soci\u00e9t\u00e9s humaines d\u00e9pendent, ne fusse que pour respirer.<\/p>\n\n\n\n<p><strong>Le s\u00e9minaire de recherche-cr\u00e9ation saPRISTi!<\/strong> se centre autour du basculement \u2014 des enjeux m\u00e9moriels initiaux vers la sp\u00e9culation ou la formulation d\u2019hypoth\u00e8ses contrefactuelles \u2014 qu\u2019entra\u00eenent parfois les formes engendr\u00e9es par l\u2019utilisation des outils num\u00e9riques (scanner 3D, photogramm\u00e9trie, LIDAR, etc.) permettant l\u2019enregistrement et la mod\u00e9lisation en trois dimensions des cultures mat\u00e9rielles.<\/p>\n\n\n\n<p>En interrogeant conjointement les outils en usage pour num\u00e9riser, mod\u00e9liser, imprimer ou simuler, et le rapport de l\u2019arch\u00e9ologie et de l\u2019histoire \u00e0 la fiction, nous soulevons un faisceau de questions redoutables ! Qu\u2019est-ce qu\u2019un fait, et que peut-il bien \u00eatre pour un artiste ? Qu\u2019est-ce qu\u2019un facto\u00efde ? Un contrefait ? Comment les distinguer des fakes ? Qu\u2019est qui explique les s\u00e9ductions du faux en arch\u00e9ologie ? etc. Nous pr\u00e9sentons ici les premi\u00e8res \u00e9tapes vers la r\u00e9alisation d\u2019un projet que nous menons dans ce cadre en partenariat avec le groupe Vallourec.<\/p>\n","protected":false},"excerpt":{"rendered":"<p>Programme de recherche 2023-24 Poursuivant son questionnement sur les relations entre les arts, les sciences et les technologies, le programme de recherche Prist s&#8217;emploie, dans cette nouvelle \u00e9dition, \u00e0 examiner les mondes vivants non humains, d&rsquo;une part (ARC Prist Mondes vivants), et les univers sp\u00e9cifiques des documents, archives et m\u00e9moires, d&rsquo;autre part (S\u00e9minaire saPRISTi). Ces &hellip; <\/p>\n<p class=\"link-more\"><a href=\"https:\/\/prist-esanpdc.fr\/?p=2518\" class=\"more-link\">Continuer la lecture<span class=\"screen-reader-text\"> de &laquo;&nbsp;Pr\u00e9sentation de Tipping Point : What if ?&nbsp;&raquo;<\/span><\/a><\/p>\n","protected":false},"author":3,"featured_media":0,"comment_status":"closed","ping_status":"closed","sticky":false,"template":"","format":"standard","meta":{"footnotes":""},"categories":[1],"tags":[],"class_list":["post-2518","post","type-post","status-publish","format-standard","hentry","category-non-classe"],"_links":{"self":[{"href":"https:\/\/prist-esanpdc.fr\/index.php?rest_route=\/wp\/v2\/posts\/2518","targetHints":{"allow":["GET"]}}],"collection":[{"href":"https:\/\/prist-esanpdc.fr\/index.php?rest_route=\/wp\/v2\/posts"}],"about":[{"href":"https:\/\/prist-esanpdc.fr\/index.php?rest_route=\/wp\/v2\/types\/post"}],"author":[{"embeddable":true,"href":"https:\/\/prist-esanpdc.fr\/index.php?rest_route=\/wp\/v2\/users\/3"}],"replies":[{"embeddable":true,"href":"https:\/\/prist-esanpdc.fr\/index.php?rest_route=%2Fwp%2Fv2%2Fcomments&post=2518"}],"version-history":[{"count":6,"href":"https:\/\/prist-esanpdc.fr\/index.php?rest_route=\/wp\/v2\/posts\/2518\/revisions"}],"predecessor-version":[{"id":2540,"href":"https:\/\/prist-esanpdc.fr\/index.php?rest_route=\/wp\/v2\/posts\/2518\/revisions\/2540"}],"wp:attachment":[{"href":"https:\/\/prist-esanpdc.fr\/index.php?rest_route=%2Fwp%2Fv2%2Fmedia&parent=2518"}],"wp:term":[{"taxonomy":"category","embeddable":true,"href":"https:\/\/prist-esanpdc.fr\/index.php?rest_route=%2Fwp%2Fv2%2Fcategories&post=2518"},{"taxonomy":"post_tag","embeddable":true,"href":"https:\/\/prist-esanpdc.fr\/index.php?rest_route=%2Fwp%2Fv2%2Ftags&post=2518"}],"curies":[{"name":"wp","href":"https:\/\/api.w.org\/{rel}","templated":true}]}}