{"id":2566,"date":"2024-05-23T16:12:57","date_gmt":"2024-05-23T14:12:57","guid":{"rendered":"https:\/\/prist-esanpdc.fr\/?p=2566"},"modified":"2024-05-30T17:21:20","modified_gmt":"2024-05-30T15:21:20","slug":"evenements","status":"publish","type":"post","link":"https:\/\/prist-esanpdc.fr\/?p=2566","title":{"rendered":"\u00c9V\u00c9NEMENTS"},"content":{"rendered":"\n<h2 class=\"wp-block-heading\"><strong>Workshop de photogramm\u00e9trie<\/strong><\/h2>\n\n\n\n<p>Les 19 et 20 octobre 2023, l\u2019artiste <strong>Thibaut Rostagnat<\/strong> nous a form\u00e9 \u00e0 la technique de la photogramm\u00e9trie, qui permet la cr\u00e9ation de mod\u00e8les 3D \u00e0 partir de prises de vue photographiques compil\u00e9es par le logiciel M\u00e9tashape.<\/p>\n\n\n\n<h2 class=\"wp-block-heading\"><strong>Pr\u00e9sentation du projet HABATA<\/strong> <\/h2>\n\n\n\n<p>Le 26 octobre, <strong>Emmanuelle Leroy-Langevin<\/strong> (arch\u00e9ologue) et<strong> Laurent Wilket <\/strong>(topographe) ont pr\u00e9sent\u00e9 le projet HABATA. Ils ont d\u00e9montr\u00e9 comment la mod\u00e9lisation 3D en arch\u00e9ologie amplifie les m\u00e9thodes classiques de reconstitution par le dessin, facilitant ainsi l\u2019analyse et le partage des d\u00e9couvertes scientifiques avec le public.<\/p>\n\n\n\n<h2 class=\"wp-block-heading\"><strong>Workshop d&rsquo;impression 3D<\/strong><\/h2>\n\n\n\n<p>Le 9 novembre, l&rsquo;artiste <strong>Hugo Din\u00ebr<\/strong> a anim\u00e9 un workshop sur l\u2019impression 3D. Les participants ont appris les diff\u00e9rentes \u00e9tapes de param\u00e9trage du mod\u00e8le et de l\u2019imprimante 3D.&nbsp;<\/p>\n\n\n\n<h2 class=\"wp-block-heading\"><strong>Visite du site de production de Vallourec<\/strong><\/h2>\n\n\n\n<p>Le 11 novembre, nous avons \u00e9t\u00e9 invit\u00e9 sur le site de production de l&rsquo;entreprise Vallourec pour d\u00e9couvrir la technologie de fabrication additive et rencontrer les \u00e9quipes de production. <\/p>\n\n\n\n<h2 class=\"wp-block-heading\"><strong>Rencontre avec Pierre D\u00e9l\u00e9age<\/strong><\/h2>\n\n\n\n<p>Le 23 novembre, nous avons re\u00e7u <strong>Pierre D\u00e9l\u00e9age<\/strong>, anthropologue et philosophe, qui explore les liens entre anthropologie, philosophie et science-fiction. Cette rencontre a permis d&rsquo;aborder des th\u00e8mes tels que la croyance aux mythes, la traduction, l\u2019auctorialit\u00e9 et les perc\u00e9es conceptuelles dans la fiction.<\/p>\n\n\n\n<h2 class=\"wp-block-heading\"><strong>Pr\u00e9sentation du Centre de recherche sciences et cultures du visuel<\/strong><\/h2>\n\n\n\n<p>Le 30 novembre, <strong>Elise Baillieul<\/strong>, historienne de l\u2019art du Moyen \u00c2ge, a pr\u00e9sent\u00e9 le Centre de recherche <strong>sciences et cultures du visuel (SCV)<\/strong>, qui regroupe trois laboratoires combinant histoire de l\u2019art, sciences cognitives et technologies \u00e0 la Plaine Image de Tourcoing. Elle a expliqu\u00e9 comment elle utilise la mod\u00e9lisation pour compl\u00e9ter les vestiges d\u2019\u00e9glises romanes en appliquant le principe d\u2019anastylose afin de g\u00e9rer l\u2019incertitude des projections.<\/p>\n\n\n\n<h2 class=\"wp-block-heading\"><strong>Visite \u00e0 Metz<\/strong><\/h2>\n\n\n\n<p>Les 11 et 12 janvier 2024, un d\u00e9placement \u00e0 Metz a \u00e9t\u00e9 organis\u00e9 pour visiter le <strong>FRAC Lorraine<\/strong> et l\u2019exposition \u00ab\u00a0Worldbuilding\u00a0\u00bb au <strong>Centre Pompidou<\/strong> <strong>Metz<\/strong>. Sous le commissariat d\u2019<strong>Hans Ulrich Obrist<\/strong>, cette exposition explore le jeu vid\u00e9o comme forme d\u2019art num\u00e9rique \u00e0 travers diff\u00e9rentes approches. Elle met en lumi\u00e8re comment le jeu vid\u00e9o, au-del\u00e0 du simple divertissement, devient un moyen pour les artistes de susciter de nouvelles r\u00e9flexions \u00e0 travers des voyages m\u00e9taphysiques, des r\u00e9cits engag\u00e9s et des critiques sociales.<\/p>\n\n\n\n<p><a href=\"https:\/\/www.centrepompidou-metz.fr\/fr\/programmation\/exposition\/worldbuilding\" target=\"_blank\" rel=\"noreferrer noopener\">Plus d&rsquo;informations sur l&rsquo;exposition \u00ab\u00a0Worldbuilding\u00a0\u00bb<\/a><\/p>\n\n\n\n<h2 class=\"wp-block-heading\"><strong>Rencontre avec Maurizio Ferraris<\/strong><\/h2>\n\n\n\n<p>Le 8 f\u00e9vrier, nous avons eu une visioconf\u00e9rence avec le philosophe <strong>Maurizio Ferraris<\/strong>, qui a abord\u00e9 les concepts de post-v\u00e9rit\u00e9 et de documentalit\u00e9. Il a expos\u00e9 les liens entre la \u00ab\u00a0r\u00e9volution docum\u00e9diale\u00a0\u00bb (o\u00f9 tout le monde devient producteur de documents) et la confusion entre ontologie et \u00e9pist\u00e9mologie, menant \u00e0 ce qu\u2019il appelle la \u00ab\u00a0supercazzola\u00a0\u00bb, le non-sens de la post-v\u00e9rit\u00e9.<\/p>\n\n\n\n<figure class=\"wp-block-gallery has-nested-images columns-default is-cropped wp-block-gallery-1 is-layout-flex wp-block-gallery-is-layout-flex\">\n<figure class=\"wp-block-image size-large\"><img loading=\"lazy\" decoding=\"async\" width=\"720\" height=\"405\" data-id=\"2612\" src=\"https:\/\/prist-esanpdc.fr\/wp-content\/uploads\/2024\/05\/diaporama-3.gif\" alt=\"\" class=\"wp-image-2612\"\/><\/figure>\n<\/figure>\n","protected":false},"excerpt":{"rendered":"<p>Workshop de photogramm\u00e9trie Les 19 et 20 octobre 2023, l\u2019artiste Thibaut Rostagnat nous a form\u00e9 \u00e0 la technique de la photogramm\u00e9trie, qui permet la cr\u00e9ation de mod\u00e8les 3D \u00e0 partir de prises de vue photographiques compil\u00e9es par le logiciel M\u00e9tashape. Pr\u00e9sentation du projet HABATA Le 26 octobre, Emmanuelle Leroy-Langevin (arch\u00e9ologue) et Laurent Wilket (topographe) ont &hellip; <\/p>\n<p class=\"link-more\"><a href=\"https:\/\/prist-esanpdc.fr\/?p=2566\" class=\"more-link\">Continuer la lecture<span class=\"screen-reader-text\"> de &laquo;&nbsp;\u00c9V\u00c9NEMENTS&nbsp;&raquo;<\/span><\/a><\/p>\n","protected":false},"author":7,"featured_media":0,"comment_status":"closed","ping_status":"closed","sticky":false,"template":"","format":"standard","meta":{"footnotes":""},"categories":[7,8],"tags":[],"class_list":["post-2566","post","type-post","status-publish","format-standard","hentry","category-conferences","category-worshops"],"_links":{"self":[{"href":"https:\/\/prist-esanpdc.fr\/index.php?rest_route=\/wp\/v2\/posts\/2566","targetHints":{"allow":["GET"]}}],"collection":[{"href":"https:\/\/prist-esanpdc.fr\/index.php?rest_route=\/wp\/v2\/posts"}],"about":[{"href":"https:\/\/prist-esanpdc.fr\/index.php?rest_route=\/wp\/v2\/types\/post"}],"author":[{"embeddable":true,"href":"https:\/\/prist-esanpdc.fr\/index.php?rest_route=\/wp\/v2\/users\/7"}],"replies":[{"embeddable":true,"href":"https:\/\/prist-esanpdc.fr\/index.php?rest_route=%2Fwp%2Fv2%2Fcomments&post=2566"}],"version-history":[{"count":10,"href":"https:\/\/prist-esanpdc.fr\/index.php?rest_route=\/wp\/v2\/posts\/2566\/revisions"}],"predecessor-version":[{"id":2615,"href":"https:\/\/prist-esanpdc.fr\/index.php?rest_route=\/wp\/v2\/posts\/2566\/revisions\/2615"}],"wp:attachment":[{"href":"https:\/\/prist-esanpdc.fr\/index.php?rest_route=%2Fwp%2Fv2%2Fmedia&parent=2566"}],"wp:term":[{"taxonomy":"category","embeddable":true,"href":"https:\/\/prist-esanpdc.fr\/index.php?rest_route=%2Fwp%2Fv2%2Fcategories&post=2566"},{"taxonomy":"post_tag","embeddable":true,"href":"https:\/\/prist-esanpdc.fr\/index.php?rest_route=%2Fwp%2Fv2%2Ftags&post=2566"}],"curies":[{"name":"wp","href":"https:\/\/api.w.org\/{rel}","templated":true}]}}