{"id":2788,"date":"2026-01-28T13:06:34","date_gmt":"2026-01-28T12:06:34","guid":{"rendered":"https:\/\/prist-esanpdc.fr\/?p=2788"},"modified":"2026-01-28T13:06:35","modified_gmt":"2026-01-28T12:06:35","slug":"premiere-exposition-a-polytechlille-du-module-de-co-creation","status":"publish","type":"post","link":"https:\/\/prist-esanpdc.fr\/?p=2788","title":{"rendered":"Premi\u00e8re exposition \u00e0 Polytech&rsquo;Lille du Module de co-cr\u00e9ation"},"content":{"rendered":"\n<p>Jeudi 6 novembre 2025 \u00e0 19h &gt; Vernissage&nbsp;<strong>de la premi\u00e8re exposition du&nbsp;Module Arts et Sciences<\/strong>,<strong>&nbsp;\u00e0 Polytech\u2019Lille<\/strong>&nbsp;sur le campus Cit\u00e9 Scientifique de Villeneuve d\u2019Ascq.<\/p>\n\n\n\n<p><strong>Projets issus des bin\u00f4mes ing\u00e9nieur\u00b7es \u00d7 artistes.<\/strong><\/p>\n\n\n\n<p>Rouge Cendre x Tilila Ahttour et Clovis Charrier Yohan Paratian x Zineb Badda et Nour Debsi Beluna Larionov x Nour Debsi Ad\u00e8le Descamps x Bossard Maxence Mary Costeaux x Thomas Lefranc Nicolas Markovic x Chlo\u00e9 Nicole Maya Denudt x Chhay I Kaing, Tilila Ahttour&nbsp;Eliott Lasseron x Mat\u00e9o Roca<\/p>\n\n\n\n<figure class=\"wp-block-image is-resized\"><img loading=\"lazy\" decoding=\"async\" width=\"886\" height=\"886\" src=\"https:\/\/prist-esanpdc.fr\/wp-content\/uploads\/2025\/11\/378FB5AF-59F2-44AC-BAF1-1010A9AE2AA7_1_105_c.jpeg\" alt=\"\" class=\"wp-image-2779\" style=\"width:475px;height:auto\" srcset=\"https:\/\/prist-esanpdc.fr\/wp-content\/uploads\/2025\/11\/378FB5AF-59F2-44AC-BAF1-1010A9AE2AA7_1_105_c.jpeg 886w, https:\/\/prist-esanpdc.fr\/wp-content\/uploads\/2025\/11\/378FB5AF-59F2-44AC-BAF1-1010A9AE2AA7_1_105_c-600x600.jpeg 600w, https:\/\/prist-esanpdc.fr\/wp-content\/uploads\/2025\/11\/378FB5AF-59F2-44AC-BAF1-1010A9AE2AA7_1_105_c-400x400.jpeg 400w, https:\/\/prist-esanpdc.fr\/wp-content\/uploads\/2025\/11\/378FB5AF-59F2-44AC-BAF1-1010A9AE2AA7_1_105_c-768x768.jpeg 768w, https:\/\/prist-esanpdc.fr\/wp-content\/uploads\/2025\/11\/378FB5AF-59F2-44AC-BAF1-1010A9AE2AA7_1_105_c-100x100.jpeg 100w\" sizes=\"auto, (max-width: 706px) 89vw, (max-width: 767px) 82vw, 740px\" \/><figcaption class=\"wp-element-caption\">Vue partielle du montage de l\u2019exposition, 4 novembre, Module de Co-cr\u00e9ation<br>Arts et Sciences, Polytech\u2019Lille, Es\u00e4, Hall de Polytech\u2019Lille<\/figcaption><\/figure>\n\n\n\n<p><strong>\u27a4 Les infos en + :<\/strong><\/p>\n\n\n\n<p>Cette inauguration sera pr\u00e9c\u00e9d\u00e9e d\u2019un&nbsp;<strong>Poly\u2019JAM sp\u00e9cial ARTS&nbsp;<\/strong>: l\u2019apr\u00e8s-midi du 6 novembre sera en effet d\u00e9di\u00e9 \u00e0 la d\u00e9couverte de pratiques artistiques sous la forme d\u2019ateliers, pour tous les \u00e9tudiants et personnels de l\u2019\u00e9cole<\/p>\n\n\n\n<p>Polytech Lille avait \u00e0 c\u0153ur de&nbsp;<strong>mettre en lumi\u00e8re de mani\u00e8re p\u00e9renne les diff\u00e9rentes collaborations entre artistes et scientifiques<\/strong>. C\u2019est la raison pour laquelle elle a cr\u00e9\u00e9 ce dispositif d\u2019accueil d\u2019\u0153uvres au centre du hall de l\u2019\u00e9cole, en face de son Fablab, lieu embl\u00e9matique de ces co-cr\u00e9ations depuis son ouverture.<\/p>\n\n\n\n<p>Module anim\u00e9 par Nathalie Stefanov, Hugo Din\u00ebr, Alexandre Bo\u00e9, Fabien Jonckheere et Thomas Vantroys avec l\u2019aide d\u2019Emmanuelle Pageau et Margaux Delbarre.<\/p>\n\n\n\n<figure class=\"wp-block-image is-resized\"><img decoding=\"async\" src=\"https:\/\/prist-esanpdc.fr\/wp-content\/uploads\/2025\/11\/%C2%A9-Rouge-CENDRE-Esa-Tilila-AHTTOUR-.jpeg\" alt=\"\" class=\"wp-image-2746\" style=\"aspect-ratio:1.000695958799239;width:462px;height:auto\"\/><figcaption class=\"wp-element-caption\">\u00a9 Rouge CENDRE (Es\u00e4) , Tilila AHTTOUR (Polytech) Caecosphaeroma,<br>robotique organique, impression 3D, arduino, textile, plexiglas, led, 60 x 60 x 60 cm<\/figcaption><\/figure>\n","protected":false},"excerpt":{"rendered":"<p>Jeudi 6 novembre 2025 \u00e0 19h &gt; Vernissage&nbsp;de la premi\u00e8re exposition du&nbsp;Module Arts et Sciences,&nbsp;\u00e0 Polytech\u2019Lille&nbsp;sur le campus Cit\u00e9 Scientifique de Villeneuve d\u2019Ascq. Projets issus des bin\u00f4mes ing\u00e9nieur\u00b7es \u00d7 artistes. Rouge Cendre x Tilila Ahttour et Clovis Charrier Yohan Paratian x Zineb Badda et Nour Debsi Beluna Larionov x Nour Debsi Ad\u00e8le Descamps x Bossard &hellip; <\/p>\n<p class=\"link-more\"><a href=\"https:\/\/prist-esanpdc.fr\/?p=2788\" class=\"more-link\">Continuer la lecture<span class=\"screen-reader-text\"> de &laquo;&nbsp;Premi\u00e8re exposition \u00e0 Polytech&rsquo;Lille du Module de co-cr\u00e9ation&nbsp;&raquo;<\/span><\/a><\/p>\n","protected":false},"author":3,"featured_media":0,"comment_status":"closed","ping_status":"closed","sticky":false,"template":"","format":"standard","meta":{"footnotes":""},"categories":[1],"tags":[],"class_list":["post-2788","post","type-post","status-publish","format-standard","hentry","category-non-classe"],"_links":{"self":[{"href":"https:\/\/prist-esanpdc.fr\/index.php?rest_route=\/wp\/v2\/posts\/2788","targetHints":{"allow":["GET"]}}],"collection":[{"href":"https:\/\/prist-esanpdc.fr\/index.php?rest_route=\/wp\/v2\/posts"}],"about":[{"href":"https:\/\/prist-esanpdc.fr\/index.php?rest_route=\/wp\/v2\/types\/post"}],"author":[{"embeddable":true,"href":"https:\/\/prist-esanpdc.fr\/index.php?rest_route=\/wp\/v2\/users\/3"}],"replies":[{"embeddable":true,"href":"https:\/\/prist-esanpdc.fr\/index.php?rest_route=%2Fwp%2Fv2%2Fcomments&post=2788"}],"version-history":[{"count":2,"href":"https:\/\/prist-esanpdc.fr\/index.php?rest_route=\/wp\/v2\/posts\/2788\/revisions"}],"predecessor-version":[{"id":2790,"href":"https:\/\/prist-esanpdc.fr\/index.php?rest_route=\/wp\/v2\/posts\/2788\/revisions\/2790"}],"wp:attachment":[{"href":"https:\/\/prist-esanpdc.fr\/index.php?rest_route=%2Fwp%2Fv2%2Fmedia&parent=2788"}],"wp:term":[{"taxonomy":"category","embeddable":true,"href":"https:\/\/prist-esanpdc.fr\/index.php?rest_route=%2Fwp%2Fv2%2Fcategories&post=2788"},{"taxonomy":"post_tag","embeddable":true,"href":"https:\/\/prist-esanpdc.fr\/index.php?rest_route=%2Fwp%2Fv2%2Ftags&post=2788"}],"curies":[{"name":"wp","href":"https:\/\/api.w.org\/{rel}","templated":true}]}}