{"id":452,"date":"2018-09-04T11:03:28","date_gmt":"2018-09-04T09:03:28","guid":{"rendered":"http:\/\/prist-esanpdc.fr\/?p=452"},"modified":"2019-06-11T13:41:56","modified_gmt":"2019-06-11T11:41:56","slug":"presentation-du-programme-2018-2019","status":"publish","type":"post","link":"https:\/\/prist-esanpdc.fr\/?p=452","title":{"rendered":"Pr\u00e9sentation du programme AIR fictions"},"content":{"rendered":"<h1 class=\"p2\"><span class=\"s1\"><b>2018-2019 : <\/b><\/span><em><span class=\"s1\"><b>AIR fictions<\/b><\/span><\/em><\/h1>\n<h1 class=\"p2\"><a href=\"http:\/\/prist-esanpdc.fr\/wp-content\/uploads\/2019\/04\/Catalogue_AIR-FICTIONS-Web.pdf\" target=\"_blank\" rel=\"noopener noreferrer\">T\u00e9l\u00e9chargement du catalogue<\/a><\/h1>\n<p class=\"p4\"><span class=\"s1\"><b>Approches scientifiques et artistiques du r\u00e9chauffement climatique par l\u2019atmosph\u00e8re, l\u2019\u00e9lectricit\u00e9, le pollen et la pollution.<\/b><\/span><\/p>\n<figure id=\"attachment_1057\" aria-describedby=\"caption-attachment-1057\" style=\"width: 600px\" class=\"wp-caption alignnone\"><img loading=\"lazy\" decoding=\"async\" class=\"wp-image-1057 size-medium\" src=\"http:\/\/prist-esanpdc.fr\/wp-content\/uploads\/2019\/04\/DSC8788-600x400.jpg\" alt=\"\" width=\"600\" height=\"400\" srcset=\"https:\/\/prist-esanpdc.fr\/wp-content\/uploads\/2019\/04\/DSC8788-600x400.jpg 600w, https:\/\/prist-esanpdc.fr\/wp-content\/uploads\/2019\/04\/DSC8788.jpg 640w\" sizes=\"auto, (max-width: 600px) 100vw, 600px\" \/><figcaption id=\"caption-attachment-1057\" class=\"wp-caption-text\">Alexandre Ries, Nu\u00e9es nues<\/figcaption><\/figure>\n<p class=\"p6\"><span class=\"s1\">Le programme s\u2019adresse aux \u00e9tudiants de l\u2019Es\u00e4 en ann\u00e9es 3 \u2013 4 \u2013 5\u00a0 et aux \u00e9tudiants du Master Arts de l\u2019Universit\u00e9 de Lille<\/span><\/p>\n<figure id=\"attachment_1131\" aria-describedby=\"caption-attachment-1131\" style=\"width: 600px\" class=\"wp-caption alignnone\"><img loading=\"lazy\" decoding=\"async\" class=\"wp-image-1131 size-medium\" src=\"http:\/\/prist-esanpdc.fr\/wp-content\/uploads\/2019\/06\/Vue-de-lexpo-1-600x338.jpg\" alt=\"\" width=\"600\" height=\"338\" srcset=\"https:\/\/prist-esanpdc.fr\/wp-content\/uploads\/2019\/06\/Vue-de-lexpo-1-600x338.jpg 600w, https:\/\/prist-esanpdc.fr\/wp-content\/uploads\/2019\/06\/Vue-de-lexpo-1-768x432.jpg 768w, https:\/\/prist-esanpdc.fr\/wp-content\/uploads\/2019\/06\/Vue-de-lexpo-1-2024x1139.jpg 2024w\" sizes=\"auto, (max-width: 600px) 100vw, 600px\" \/><figcaption id=\"caption-attachment-1131\" class=\"wp-caption-text\">Vue de l&rsquo;exposition Air Fictions, \u00e0 Lilliad, 9 mai 2019<\/figcaption><\/figure>\n<p class=\"p9\"><span class=\"s1\"><b>Contenus<\/b><\/span><span class=\"s3\"><b> :<\/b><\/span><\/p>\n<p class=\"p10\"><span class=\"s1\">PRIST s\u2019attache \u00e0 d\u00e9velopper des conversations entre l\u2019art et la science en construisant des \u00e9changes et des rencontres entre les \u00e9tudiants et les chercheurs, depuis les laboratoires scientifiques. Ce programme de recherche am\u00e8ne les \u00e9tudiants \u00e0 participer \u00e0 des expositions et \u00e0 pr\u00e9senter leur contribution au sein d\u2019un catalogue auquel contribuent les scientifiques. Il fait suite aux recherches men\u00e9es depuis 2015 donnant naissance aux expositions et catalogue Master Mind (2016), Cells Fiction (2017), Collisions (2018). La rencontre directe avec les chercheurs, les protocoles et les instruments des laboratoires scientifiques partenaires permet aux \u00e9tudiants d&rsquo;interroger autrement les modalit\u00e9s de leur propre cr\u00e9ation, induisant ainsi une autre mani\u00e8re de r\u00e9fl\u00e9chir \u00e0 ce que peut \u00eatre une recherche en art lorsqu&rsquo;elle s\u2019appuie sur le mat\u00e9riau \u201cscience\u201d.\u00a0<\/span><\/p>\n<p class=\"p10\"><span class=\"s1\">En 2018\/2019, nous interrogerons <\/span><span class=\"s4\">l\u2019atmosph\u00e8re <\/span><span class=\"s1\">en mobilisant plusieurs acteurs : des philosophes de l\u2019environnement (E. Coccia), des scientifiques rattach\u00e9s au Labex CaPPA ainsi que les artistes, Karine Bonneval et Olivier Perriquet qui interviendront sous la forme de workshop ou de conf\u00e9rence.\u00a0 En janvier 2019, les \u00e9tudiants participeront au module Art &amp; Science \u00e0 Polytech\u2019Lille au sein du Fabricarium, module qui engagera les \u00e9tudiants en art \u00e0 produire leurs travaux plastiques en dialogue avec des \u00e9tudiants ing\u00e9nieurs. <\/span><\/p>\n<p><b>Site internet ES\u00c4 PRIST 2018-2019<\/b><b><br \/>\n<\/b><b>Pr\u00e9sentation du programme<\/b><\/p>\n<p><b>Calendrier pr\u00e9visionnel des interventions :<\/b><\/p>\n<ul>\n<li style=\"list-style-type: none;\">\n<ul>\n<li style=\"font-weight: 400;\"><span style=\"font-weight: 400;\">Cours r\u00e9guliers hebdomadaires avec les enseignants de l\u2019Es\u00e4 (voir emploi du temps)<\/span><\/li>\n<\/ul>\n<\/li>\n<\/ul>\n<ul>\n<li style=\"list-style-type: none;\">\n<ul>\n<li style=\"font-weight: 400;\"><span style=\"font-weight: 400;\"><a href=\"http:\/\/prist-esanpdc.fr\/?p=414\">27 septembre. Intervention de Jean-Fran\u00e7ois Bodart<\/a> : \u00ab\u00a0Les mod\u00e8les animaux \u00e0 l\u2019\u00e8re de l\u2019anthropoc\u00e8ne : entre objets de science et individus \u00e0 consid\u00e9rer\u00a0\u00bb.<\/span><\/li>\n<\/ul>\n<\/li>\n<\/ul>\n<ul>\n<li style=\"list-style-type: none;\">\n<ul>\n<li style=\"font-weight: 400;\"><span style=\"font-weight: 400;\"><a href=\"http:\/\/prist-esanpdc.fr\/?p=654\">23 octobre : 1\/2 journ\u00e9e d\u2019\u00e9tude. \u00ab\u00a0Pollens et polluants\u00a0\u00bb<\/a> Learning\u00a0 Center, Dunkerque. Avec :\u00a0Nicolas Visez (ma\u00eetre de conf\u00e9rence au PC2A Physicochimie des processus de Combustion et de l\u2019Atmosph\u00e8re,\u00a0Universit\u00e9 de Lille) \u2013 Marie Cho\u00ebl (ma\u00eetre de conf\u00e9rence au LASIR Laboratoire de Spectrochimie Infrarouge\u00a0et Raman, Universit\u00e9 de Lille) -Olivier Schefer (Professeur des universit\u00e9s en esth\u00e9tique \u00e0 Paris 1-Panth\u00e9on Sorbonne, membre de l\u2019Institut ACTE)<\/span><span style=\"font-weight: 400;\"><br \/>\n<\/span><span style=\"font-weight: 400;\">Nicolas Visez et Marie Cho\u00ebl traiteront de cette particule sp\u00e9cifique qu\u2019est le pollen dans l\u2019atmosph\u00e8re alors qu\u2019Olivier Schefer, Professeur d\u2019esth\u00e9tique \u00e0 Paris 1 traitera de Novalis , ce romantique allemand qui a r\u00e9uni ses pens\u00e9es sous le titres \u00ab\u00a0Grains de pollens\u00a0\u00bb.<\/span><\/li>\n<\/ul>\n<\/li>\n<\/ul>\n<ul>\n<li style=\"list-style-type: none;\">\n<ul>\n<li style=\"font-weight: 400;\"><span style=\"font-weight: 400;\"><a href=\"http:\/\/prist-esanpdc.fr\/?p=716\">8 novembre : Visite du LOA<\/a> Laboratoire d&rsquo;Optique Atmosph\u00e9rique (Universit\u00e9 de Lille, Campus scientifique). Pr\u00e9sentation des instruments. Pr\u00e9sentation en biblioth\u00e8que des nouveaux axes de recherche du laboratoire \u00ab \u00e9lectricit\u00e9 \u00bb (Philippe Dubuisson).<\/span><\/li>\n<\/ul>\n<\/li>\n<\/ul>\n<ul>\n<li style=\"list-style-type: none;\">\n<ul>\n<li style=\"font-weight: 400;\"><span style=\"font-weight: 400;\"><a href=\"http:\/\/prist-esanpdc.fr\/?p=742\">15 novembre : Olivier Perriquet<\/a> :CHOR\u00c9OMORPHISMES.<\/span><\/li>\n<\/ul>\n<\/li>\n<\/ul>\n<ul>\n<li style=\"list-style-type: none;\">\n<ul>\n<li style=\"font-weight: 400;\"><span style=\"font-weight: 400;\">20 novembre, visite du LPCA Laboratoire de PhysicoChimie de l&rsquo;Atmosph\u00e8re (Universit\u00e9 du Littoral C\u00f4te d&rsquo;Opale, Dunkerque) et de la plateforme IRENE \u00a0<\/span><span style=\"font-weight: 400;\"><br \/>\n<\/span><span style=\"font-weight: 400;\">\u00ab\u00a0L&rsquo;atmosph\u00e8re, un air d&rsquo;invisibilit\u00e9\u00a0\u00bb Herv\u00e9 Delbarre, LPCA<\/span><\/li>\n<\/ul>\n<\/li>\n<\/ul>\n<ul>\n<li style=\"list-style-type: none;\">\n<ul>\n<li style=\"font-weight: 400;\"><span style=\"font-weight: 400;\"><a href=\"http:\/\/prist-esanpdc.fr\/?p=778\">5-6-7 d\u00e9cembre : Workshop avec l\u2019artiste Karine Bonneval<\/a> \u00e0 l\u2019Es\u00e4, site de Tourcoing<\/span><\/li>\n<\/ul>\n<\/li>\n<\/ul>\n<ul>\n<li style=\"list-style-type: none;\">\n<ul>\n<li style=\"font-weight: 400;\"><span style=\"font-weight: 400;\"><a href=\"http:\/\/prist-esanpdc.fr\/?p=824\">20 d\u00e9cembre (14h-16h) \u00e0 l&rsquo;ES\u00c4 Tourcoing : J\u00e9r\u00f4me Ri\u00e9di<\/a> (laboratoire LOA et ICARE) Pr\u00e9sentation du domaine de recherche et des travaux, pr\u00e9sentation d\u2019ICARE (observations satellites)<\/span><\/li>\n<\/ul>\n<\/li>\n<\/ul>\n<ul>\n<li style=\"list-style-type: none;\">\n<ul>\n<li style=\"font-weight: 400;\"><a href=\"http:\/\/prist-esanpdc.fr\/?p=549\"><span style=\"font-weight: 400;\">Janvier\u00a0 (14 au 25 ): Module Art &amp; Science Polytech\u2019Lille.<\/span><\/a><\/li>\n<\/ul>\n<\/li>\n<\/ul>\n<ul>\n<li style=\"list-style-type: none;\">\n<ul>\n<li style=\"font-weight: 400;\"><a href=\"http:\/\/prist-esanpdc.fr\/?p=915\"><span style=\"font-weight: 400;\">31 janvier : Nuit des id\u00e9es, ES\u00c4, Dunkerque.\u00a0<\/span><\/a><\/li>\n<\/ul>\n<\/li>\n<\/ul>\n<ul>\n<li style=\"list-style-type: none;\">\n<ul>\n<li style=\"font-weight: 400;\"><span style=\"font-weight: 400;\"><span style=\"font-weight: 400;\">\u00a0<a href=\"http:\/\/prist-esanpdc.fr\/?p=919\">Mardi 5 f\u00e9vrier : Hanna Husberg.\u00a0<\/a><\/span><\/span>artiste\/chercheuse\n<div>&gt; Conf\u00e9rence perform\u00e9e: \u00ab\u00a0<span id=\"m_-1033645175595550213:3zh.9\">This<\/span>\u00a0<span id=\"m_-1033645175595550213:3zh.10\">new<\/span>\u00a0air,\u00a0<span id=\"m_-1033645175595550213:3zh.11\">the<\/span>\u00a0<span id=\"m_-1033645175595550213:3zh.12\">one<\/span>\u00a0<span id=\"m_-1033645175595550213:3zh.13\">we<\/span>\u00a0<span id=\"m_-1033645175595550213:3zh.14\">talk<\/span>\u00a0about a lot \/ Ce nouvel air, celui dont on parle beaucoup\u00a0\u00bb<\/div>\n<div>&gt; Entretiens individuels avec les \u00e9tudiants du programme<\/div>\n<\/li>\n<\/ul>\n<\/li>\n<\/ul>\n<ul>\n<li style=\"list-style-type: none;\">\n<ul>\n<li style=\"font-weight: 400;\"><span style=\"font-weight: 400;\">F\u00e9vrier : d\u00e9but des productions plastiques et du catalogue<\/span><\/li>\n<\/ul>\n<\/li>\n<\/ul>\n<ul>\n<li style=\"list-style-type: none;\">\n<ul>\n<li style=\"font-weight: 400;\"><span style=\"font-weight: 400;\">Exposition des prototypes\u00a0 : 28 f\u00e9vrier au 15 mars 2019 \/ Vernissage 28 f\u00e9vrier, Galerie Commune, Es\u00e4<\/span><\/li>\n<\/ul>\n<\/li>\n<\/ul>\n<p><b>Enseignants Es\u00e4 : <\/b><\/p>\n<p><span style=\"font-weight: 400;\">Stephane Cab\u00e9e \u2013 Cyril Crignon \u2013 Nathalie Stefanov \u2013 Marie Lelouche \u2013 Silvain Vanot <\/span><\/p>\n<p><b>En partenariat avec : <\/b><\/p>\n<ul>\n<li style=\"list-style-type: none;\">\n<ul>\n<li style=\"font-weight: 400;\"><span style=\"font-weight: 400;\"><a href=\"http:\/\/www.labex-cappa.fr\/\" target=\"_blank\" rel=\"noopener noreferrer\">Laboratoire d&rsquo;excellence \u00ab\u00a0Labex CaPPA\u00a0\u00bb (LOA, ICARE, PC2A, LASIR, LPCA)<\/a> : J\u00e9r\u00f4me Ri\u00e9di, Philippe Dubuisson, Nicolas Visez, Marie Cho\u00ebl, Herv\u00e9 Delbarre, Patrick Augustin, Luc Blarel, Maxime Catalfamo; chercheurs.es, Anne Burlet Parendel, m\u00e9diatrice scientifique.<\/span><\/li>\n<\/ul>\n<\/li>\n<\/ul>\n<ul>\n<li style=\"list-style-type: none;\">\n<ul>\n<li style=\"font-weight: 400;\"><span style=\"font-weight: 400;\"><a href=\"http:\/\/ugsf-umr-glycobiologie.univ-lille1.fr\/\" target=\"_blank\" rel=\"noopener noreferrer\">Laboratoire UGSF, Universit\u00e9 de Lille\u00a0 \/ CNRS<\/a> : Corentin Spriet, Jean-Fran\u00e7ois Bodart <\/span><\/li>\n<\/ul>\n<\/li>\n<\/ul>\n<ul>\n<li style=\"font-weight: 400;\"><span style=\"font-weight: 400;\"><a href=\"http:\/\/www.polytech-lille.fr\/ecole-d-ingenieurs.html#.XA_ISZNKjUo\" target=\"_blank\" rel=\"noopener noreferrer\">Polytech\u2019Lille, Universit\u00e9 de Lille<\/a>\u00a0 : Christophe Chaillou<\/span><\/li>\n<\/ul>\n<p class=\"p9\"><img loading=\"lazy\" decoding=\"async\" class=\"wp-image-509 size-full\" style=\"font-weight: bold; color: #666666; font-size: 0.8125rem; font-style: italic;\" src=\"http:\/\/prist-esanpdc.fr\/wp-content\/uploads\/2018\/09\/11-Station-de-mesure-AERONET-sur-le-toit-du-LOA-laboratoire-doptique-atmospherique.jpg\" alt=\"\" width=\"799\" height=\"530\" srcset=\"https:\/\/prist-esanpdc.fr\/wp-content\/uploads\/2018\/09\/11-Station-de-mesure-AERONET-sur-le-toit-du-LOA-laboratoire-doptique-atmospherique.jpg 799w, https:\/\/prist-esanpdc.fr\/wp-content\/uploads\/2018\/09\/11-Station-de-mesure-AERONET-sur-le-toit-du-LOA-laboratoire-doptique-atmospherique-600x398.jpg 600w, https:\/\/prist-esanpdc.fr\/wp-content\/uploads\/2018\/09\/11-Station-de-mesure-AERONET-sur-le-toit-du-LOA-laboratoire-doptique-atmospherique-768x509.jpg 768w\" sizes=\"auto, (max-width: 706px) 89vw, (max-width: 767px) 82vw, 740px\" \/><\/p>\n<p>Station de mesure AERONET sur le toit du LOA (laboratoire d&rsquo;optique atmosph\u00e9rique) \u00e0 Lille.<\/p>\n","protected":false},"excerpt":{"rendered":"<p>2018-2019 : AIR fictions T\u00e9l\u00e9chargement du catalogue Approches scientifiques et artistiques du r\u00e9chauffement climatique par l\u2019atmosph\u00e8re, l\u2019\u00e9lectricit\u00e9, le pollen et la pollution. Le programme s\u2019adresse aux \u00e9tudiants de l\u2019Es\u00e4 en ann\u00e9es 3 \u2013 4 \u2013 5\u00a0 et aux \u00e9tudiants du Master Arts de l\u2019Universit\u00e9 de Lille Contenus : PRIST s\u2019attache \u00e0 d\u00e9velopper des conversations entre &hellip; <\/p>\n<p class=\"link-more\"><a href=\"https:\/\/prist-esanpdc.fr\/?p=452\" class=\"more-link\">Continuer la lecture<span class=\"screen-reader-text\"> de &laquo;&nbsp;Pr\u00e9sentation du programme AIR fictions&nbsp;&raquo;<\/span><\/a><\/p>\n","protected":false},"author":1,"featured_media":509,"comment_status":"closed","ping_status":"open","sticky":false,"template":"","format":"standard","meta":{"footnotes":""},"categories":[1],"tags":[],"class_list":["post-452","post","type-post","status-publish","format-standard","has-post-thumbnail","hentry","category-non-classe"],"_links":{"self":[{"href":"https:\/\/prist-esanpdc.fr\/index.php?rest_route=\/wp\/v2\/posts\/452","targetHints":{"allow":["GET"]}}],"collection":[{"href":"https:\/\/prist-esanpdc.fr\/index.php?rest_route=\/wp\/v2\/posts"}],"about":[{"href":"https:\/\/prist-esanpdc.fr\/index.php?rest_route=\/wp\/v2\/types\/post"}],"author":[{"embeddable":true,"href":"https:\/\/prist-esanpdc.fr\/index.php?rest_route=\/wp\/v2\/users\/1"}],"replies":[{"embeddable":true,"href":"https:\/\/prist-esanpdc.fr\/index.php?rest_route=%2Fwp%2Fv2%2Fcomments&post=452"}],"version-history":[{"count":36,"href":"https:\/\/prist-esanpdc.fr\/index.php?rest_route=\/wp\/v2\/posts\/452\/revisions"}],"predecessor-version":[{"id":1149,"href":"https:\/\/prist-esanpdc.fr\/index.php?rest_route=\/wp\/v2\/posts\/452\/revisions\/1149"}],"wp:featuredmedia":[{"embeddable":true,"href":"https:\/\/prist-esanpdc.fr\/index.php?rest_route=\/wp\/v2\/media\/509"}],"wp:attachment":[{"href":"https:\/\/prist-esanpdc.fr\/index.php?rest_route=%2Fwp%2Fv2%2Fmedia&parent=452"}],"wp:term":[{"taxonomy":"category","embeddable":true,"href":"https:\/\/prist-esanpdc.fr\/index.php?rest_route=%2Fwp%2Fv2%2Fcategories&post=452"},{"taxonomy":"post_tag","embeddable":true,"href":"https:\/\/prist-esanpdc.fr\/index.php?rest_route=%2Fwp%2Fv2%2Ftags&post=452"}],"curies":[{"name":"wp","href":"https:\/\/api.w.org\/{rel}","templated":true}]}}